{"id":457745,"date":"2017-02-02T17:15:58","date_gmt":"2017-02-02T23:15:58","guid":{"rendered":"https:\/\/www.futboltotal.com.mx\/?p=457745"},"modified":"2017-02-02T17:15:58","modified_gmt":"2017-02-02T23:15:58","slug":"celta-alaves-definiran-al-finalista-la-copa-del-rey-en-la-vuelta","status":"publish","type":"post","link":"http:\/\/desarrollo.grupomedios.com\/futbol\/futbol-internacional\/celta-alaves-definiran-al-finalista-la-copa-del-rey-en-la-vuelta\/2017\/02","title":{"rendered":"Celta y Alav\u00e9s definir\u00e1n al finalista de la Copa del Rey en la vuelta"},"content":{"rendered":"<p>Los argentinos Eduardo Berizzo, entrenador del Celta, y Mauricio Pellegrino, de Alav\u00e9s, aplazaron la resoluci\u00f3n de una de las semifinales de la Copa del Rey para el pr\u00f3ximo mi\u00e9rcoles en Mendizorroza, el estadio del Alav\u00e9s, tras empatar a cero en la ida, en Vigo.<\/p>\n<p>Fue un partido con oportunidades claras en el equipo gallego, que cre\u00f3 peligro, sobre todo, en la segunda mitad, cuando apareci\u00f3 Iago Aspas, y choc\u00f3 contra el rigor t\u00e1ctico del conjunto vitoriano. La eliminatoria queda abierta para Mendizorroza.<\/p>\n<blockquote class=\"twitter-tweet\" data-width=\"500\">\n<p lang=\"es\" dir=\"ltr\">FINAL | CEL 0-0 ALA | Todo por decidir en la vuelta. \u00a1<a href=\"https:\/\/twitter.com\/hashtag\/HalaCelta?src=hash\">#HalaCelta<\/a>! <a href=\"https:\/\/twitter.com\/hashtag\/CopaDelRey?src=hash\">#CopaDelRey<\/a> <a href=\"https:\/\/twitter.com\/hashtag\/SigamosSo%C3%B1ando?src=hash\">#SigamosSo\u00f1ando<\/a> <a href=\"https:\/\/t.co\/b7PoJgXBLP\">pic.twitter.com\/b7PoJgXBLP<\/a><\/p>\n<p>&mdash; RC Celta (@rccelta_oficial) <a href=\"https:\/\/twitter.com\/rccelta_oficial\/status\/827272931734548480\">February 2, 2017<\/a><\/p><\/blockquote>\n<p><script async src=\"\/\/platform.twitter.com\/widgets.js\" charset=\"utf-8\"><\/script><\/p>\n<p>La carta de presentaci\u00f3n de los dos equipos fue clara en el primer tiempo: mucho orden t\u00e1ctico. Ninguno asumi\u00f3 riesgos en ataque. No fue el Celta -como le gustar\u00eda a Berizzo- un equipo valiente, agresivo en la presi\u00f3n y descarado en ataque. Choc\u00f3 contra el Alav\u00e9s, bien colocado, seguro, magistral en su repliegue, c\u00f3modo en ese escenario.<\/p>\n<p>Sin poder inquietar al conjunto vitoriano, sin conexi\u00f3n entre el centro del campo y Aspas, el Celta fue perdiendo la posesi\u00f3n de la pelota. No inquiet\u00f3 a Pacheco. Solo se aproxim\u00f3 al \u00e1rea visitante con un par de centros sin rematador, uno de Aspas (minuto 5) y otro de Bongonda (minuto 27). Poco peligro en la primera mitad.<\/p>\n<p>En una primera parte igualada, con mucha lluvia en Bala\u00eddos, y campo pesado, el Alav\u00e9s desdibuj\u00f3 al Celta con el paso de los minutos. Se apoder\u00f3 de la pelota, adelant\u00f3 varios metros sus l\u00edneas y cre\u00f3 ocasiones. Tuvo tres en apenas tres minutos: roz\u00f3 el gol con un remate de Manu Garc\u00eda que desvi\u00f3 Sergio (minuto 40) tras un centro de Camarasa; Theo prob\u00f3 desde fuera del \u00e1rea con un tiro desviado (minuto 41); y Deyverson no finaliz\u00f3 con acierto un centro que llegaba en un contragolpe desde la banda derecha (minuto 42).<\/p>\n<p style=\"text-align: center;\"><span style=\"color: #3366ff;\"><a style=\"color: #3366ff;\" href=\"https:\/\/www.futboltotal.com.mx\/2017\/02\/tigres-presenta-virtualmente-a-sus-refuerzos\/\">LEER M\u00c1S: Tigres presenta virtualmente a sus refuerzos<\/a><\/span><\/p>\n<p>El Celta mejor\u00f3 en la segunda parte, aunque el Alav\u00e9s asust\u00f3 a Bala\u00eddos con un envenenado centro de Theo para Manu Garc\u00eda (minuto 54). Solo fue un aviso porque a partir de ese momento el Celta se sacudi\u00f3 sus miedos para ser fiel a su estilo habitual.<\/p>\n<p>Sali\u00f3 Iago Aspas al rescate de su equipo. Le contagi\u00f3 su energ\u00eda, su ambici\u00f3n. Y concentr\u00f3 varias ocasiones claras. Primero: a la salida de un c\u00f3rner, se encontr\u00f3 una buena pelota ante Pacheco, que par\u00f3 el lanzamiento. Segundo: tir\u00f3 un ca\u00f1onazo al travesa\u00f1o, al culminar una gran triangulaci\u00f3n que se inici\u00f3 con un centro de Marcelo D\u00edaz y continu\u00f3 con un pase de cabeza de Wass. Tercero: un buen remate de cabeza tras un centro que le lleg\u00f3 desde la banda derecha. Cuarto: un remate de chilena tras un env\u00edo de Tucu Hern\u00e1ndez. Fueron cuatro ocasiones de gol en veinte minutos. Aspas monopoliz\u00f3 el juego del Celta. Pero no logr\u00f3 el gol.<\/p>\n<p>El Alav\u00e9s aguant\u00f3 el empuje local. El ritmo del partido baj\u00f3. Y el choque volvi\u00f3 a abrirse. El Alav\u00e9s se refugi\u00f3 en su firmeza defensiva y en alg\u00fan contragolpe, como el que desaprovech\u00f3 Edgar (minuto 77); el Celta roz\u00f3 la victoria con una falta lateral que finaliz\u00f3 Tucu Hern\u00e1ndez con un tiro al poste (minuto 87).<\/p>\n","protected":false},"excerpt":{"rendered":"<p>Celta tuvo las opciones m\u00e1s claras ante la visita pero no pudo concretar.<\/p>\n","protected":false},"author":144,"featured_media":457753,"comment_status":"closed","ping_status":"closed","sticky":false,"template":"","format":"standard","meta":[],"categories":[3839,5951],"tags":[96,6214],"_links":{"self":[{"href":"http:\/\/desarrollo.grupomedios.com\/futbol\/wp-json\/wp\/v2\/posts\/457745"}],"collection":[{"href":"http:\/\/desarrollo.grupomedios.com\/futbol\/wp-json\/wp\/v2\/posts"}],"about":[{"href":"http:\/\/desarrollo.grupomedios.com\/futbol\/wp-json\/wp\/v2\/types\/post"}],"author":[{"embeddable":true,"href":"http:\/\/desarrollo.grupomedios.com\/futbol\/wp-json\/wp\/v2\/users\/144"}],"replies":[{"embeddable":true,"href":"http:\/\/desarrollo.grupomedios.com\/futbol\/wp-json\/wp\/v2\/comments?post=457745"}],"version-history":[{"count":0,"href":"http:\/\/desarrollo.grupomedios.com\/futbol\/wp-json\/wp\/v2\/posts\/457745\/revisions"}],"wp:featuredmedia":[{"embeddable":true,"href":"http:\/\/desarrollo.grupomedios.com\/futbol\/wp-json\/wp\/v2\/media\/457753"}],"wp:attachment":[{"href":"http:\/\/desarrollo.grupomedios.com\/futbol\/wp-json\/wp\/v2\/media?parent=457745"}],"wp:term":[{"taxonomy":"category","embeddable":true,"href":"http:\/\/desarrollo.grupomedios.com\/futbol\/wp-json\/wp\/v2\/categories?post=457745"},{"taxonomy":"post_tag","embeddable":true,"href":"http:\/\/desarrollo.grupomedios.com\/futbol\/wp-json\/wp\/v2\/tags?post=457745"}],"curies":[{"name":"wp","href":"https:\/\/api.w.org\/{rel}","templated":true}]}}