{"id":457789,"date":"2017-02-02T18:43:52","date_gmt":"2017-02-03T00:43:52","guid":{"rendered":"https:\/\/www.futboltotal.com.mx\/?p=457789"},"modified":"2017-02-02T18:43:52","modified_gmt":"2017-02-03T00:43:52","slug":"alfredo-talavera-tunde-a-la-liga-mx","status":"publish","type":"post","link":"http:\/\/desarrollo.grupomedios.com\/futbol\/futbol-mexicano\/alfredo-talavera-tunde-a-la-liga-mx\/2017\/02","title":{"rendered":"Alfredo Talavera tunde con todo a la Liga MX"},"content":{"rendered":"<p>El portero de Toluca declar\u00f3 que la Liga Mx es incongruente en su sistema de competencia, pues han cambiado el formato de permitir extranjeros y no le dan la oportunidad a los j\u00f3venes, pero Juan Carlos Osorio los apoya demasiado.<\/p>\n<blockquote><p>&#8220;\u00bfEn d\u00f3nde est\u00e1 la congruencia de llevar sangre joven a la selecci\u00f3n? Se hace todo lo contrario y el profesor hace lo humanamente posible para darles oportunidades a muchos que tienen cualidades. Por ser llamados a selecci\u00f3n, jugar alg\u00fan torneo, estar concentrados, todo eso sin duda pesa al jugador para bien porque da confianza y motiva para hacer cosas importantes. Es una tarea complicada cuando hay muchos extranjeros&#8221;, coment\u00f3 el guardameta de la Selecci\u00f3n Mexicana.<\/p><\/blockquote>\n<p>Talavera apoya el hecho de que haya bastantes extranjeros en la Liga, pero siempre y cuando sean buenos y puedan aportar algo importante al torneo en M\u00e9xico.<\/p>\n<blockquote><p>&#8220;No est\u00e1 mal tener extranjeros y es bueno tener a algunos de gran calidad porque nos impulsa a nosotros los mexicanos a ser mejores, pero al escoger dices: &#8216;\u00bfDe d\u00f3nde? \u00bfC\u00f3mo?'&#8221;, declar\u00f3 el futbolista.<\/p><\/blockquote>\n<p>Alfredo reconoce que hay una gran calidad de futbolistas mexicanos en el extranjero, pero es consiente de que se debe apoyar e impulsar m\u00e1s.<\/p>\n<p>S\u00edguenos en Twitter: <a href=\"https:\/\/twitter.com\/MXFutbolTotal\" target=\"_blank\">@MXFutbolTotal<\/a><\/p>\n","protected":false},"excerpt":{"rendered":"<p>El portero est\u00e1 inconforme con la cantidad de extranjeros que hay en M\u00e9xico,<\/p>\n","protected":false},"author":20,"featured_media":457792,"comment_status":"closed","ping_status":"closed","sticky":false,"template":"","format":"standard","meta":[],"categories":[2198,3845],"tags":[1617,64],"_links":{"self":[{"href":"http:\/\/desarrollo.grupomedios.com\/futbol\/wp-json\/wp\/v2\/posts\/457789"}],"collection":[{"href":"http:\/\/desarrollo.grupomedios.com\/futbol\/wp-json\/wp\/v2\/posts"}],"about":[{"href":"http:\/\/desarrollo.grupomedios.com\/futbol\/wp-json\/wp\/v2\/types\/post"}],"author":[{"embeddable":true,"href":"http:\/\/desarrollo.grupomedios.com\/futbol\/wp-json\/wp\/v2\/users\/20"}],"replies":[{"embeddable":true,"href":"http:\/\/desarrollo.grupomedios.com\/futbol\/wp-json\/wp\/v2\/comments?post=457789"}],"version-history":[{"count":0,"href":"http:\/\/desarrollo.grupomedios.com\/futbol\/wp-json\/wp\/v2\/posts\/457789\/revisions"}],"wp:featuredmedia":[{"embeddable":true,"href":"http:\/\/desarrollo.grupomedios.com\/futbol\/wp-json\/wp\/v2\/media\/457792"}],"wp:attachment":[{"href":"http:\/\/desarrollo.grupomedios.com\/futbol\/wp-json\/wp\/v2\/media?parent=457789"}],"wp:term":[{"taxonomy":"category","embeddable":true,"href":"http:\/\/desarrollo.grupomedios.com\/futbol\/wp-json\/wp\/v2\/categories?post=457789"},{"taxonomy":"post_tag","embeddable":true,"href":"http:\/\/desarrollo.grupomedios.com\/futbol\/wp-json\/wp\/v2\/tags?post=457789"}],"curies":[{"name":"wp","href":"https:\/\/api.w.org\/{rel}","templated":true}]}}