{"id":457896,"date":"2017-02-02T23:01:18","date_gmt":"2017-02-03T05:01:18","guid":{"rendered":"https:\/\/www.futboltotal.com.mx\/?p=457896"},"modified":"2017-02-02T23:01:18","modified_gmt":"2017-02-03T05:01:18","slug":"ridiculo-gigante-chivas-tv-sudamerica","status":"publish","type":"post","link":"http:\/\/desarrollo.grupomedios.com\/futbol\/futbol-mexicano\/ridiculo-gigante-chivas-tv-sudamerica\/2017\/02","title":{"rendered":"Rid\u00edculo &#8216;gigante&#8217; de Chivas TV en Sudam\u00e9rica"},"content":{"rendered":"<p>Este duelo entre Chivas y Boca Juniors traspasaba fronteras, al ser el primer duelo de Guadalajara que se iba a transmitir para todo el mundo, m\u00e9todo que usaban para que los argentinos pudieran ver a su equipo jugar ante el Reba\u00f1o.<\/p>\n<p>Durante la transmisi\u00f3n streaming, hubo diversas quejas por parte de los sudamericanos por las recurrentes fallas que mostraa la plataforma de Guadalajara en el partido, esto gener\u00f3 pol\u00e9mica y disgusto por parte de aquellos que hab\u00edan pagado el evento y no pod\u00edan disfrutar de un buen juego.<\/p>\n<p style=\"text-align: center;\"><span style=\"color: #3366ff;\"><a style=\"color: #3366ff;\" href=\"https:\/\/www.futboltotal.com.mx\/2017\/02\/boca-juniors-confunde-nombre-chivas\/\" target=\"_blank\">LEER M\u00c1S: Boca Juniors confunde el nombre de Chivas.\u00a0<\/a><\/span><\/p>\n<p>La cuenta oficial de Boca Juniors atendi\u00f3 las quejas de sus seguidores y mand\u00f3 un mensaje pidiendo paciencia, pues las fallas ya hab\u00edan sido solucionadas al medio tiempo del partido.<\/p>\n<p>&nbsp;<\/p>\n<blockquote class=\"twitter-tweet\" data-lang=\"es\">\n<p dir=\"ltr\" lang=\"es\">Chivas informa a los usuarios argentinos que se han resuelto los problemas t\u00e9cnicos reportados por los hinchas que contrataron el streaming.<\/p>\n<p>\u2014 Boca Jrs. Oficial (@BocaJrsOficial) <a href=\"https:\/\/twitter.com\/BocaJrsOficial\/status\/827361069312114688\">3 de febrero de 2017<\/a><\/p><\/blockquote>\n<p><script async src=\"\/\/platform.twitter.com\/widgets.js\" charset=\"utf-8\"><\/script><\/p>\n<p>En seguida la cuenta Xeneise inform\u00f3 a los argentinos que se les har\u00eda un reembolso por las diversas fallas y molestias que hab\u00eda ocasionado el servicio.<\/p>\n<p>&nbsp;<\/p>\n<blockquote class=\"twitter-tweet\" data-lang=\"es\">\n<p dir=\"ltr\" lang=\"es\">Asimismo, se comunica que todos aquellos que sigan sin poder ver la transmisi\u00f3n se les har\u00e1 el reembolso correspondiente.<\/p>\n<p>\u2014 Boca Jrs. Oficial (@BocaJrsOficial) <a href=\"https:\/\/twitter.com\/BocaJrsOficial\/status\/827361118209318912\">3 de febrero de 2017<\/a><\/p><\/blockquote>\n<p><script async src=\"\/\/platform.twitter.com\/widgets.js\" charset=\"utf-8\"><\/script><\/p>\n","protected":false},"excerpt":{"rendered":"<p>El servicio streaming volvi\u00f3 a fallar durante la transmisi\u00f3n.<\/p>\n","protected":false},"author":20,"featured_media":457897,"comment_status":"closed","ping_status":"closed","sticky":false,"template":"","format":"standard","meta":[],"categories":[3839,2198,3845],"tags":[1683,70,7110],"_links":{"self":[{"href":"http:\/\/desarrollo.grupomedios.com\/futbol\/wp-json\/wp\/v2\/posts\/457896"}],"collection":[{"href":"http:\/\/desarrollo.grupomedios.com\/futbol\/wp-json\/wp\/v2\/posts"}],"about":[{"href":"http:\/\/desarrollo.grupomedios.com\/futbol\/wp-json\/wp\/v2\/types\/post"}],"author":[{"embeddable":true,"href":"http:\/\/desarrollo.grupomedios.com\/futbol\/wp-json\/wp\/v2\/users\/20"}],"replies":[{"embeddable":true,"href":"http:\/\/desarrollo.grupomedios.com\/futbol\/wp-json\/wp\/v2\/comments?post=457896"}],"version-history":[{"count":0,"href":"http:\/\/desarrollo.grupomedios.com\/futbol\/wp-json\/wp\/v2\/posts\/457896\/revisions"}],"wp:featuredmedia":[{"embeddable":true,"href":"http:\/\/desarrollo.grupomedios.com\/futbol\/wp-json\/wp\/v2\/media\/457897"}],"wp:attachment":[{"href":"http:\/\/desarrollo.grupomedios.com\/futbol\/wp-json\/wp\/v2\/media?parent=457896"}],"wp:term":[{"taxonomy":"category","embeddable":true,"href":"http:\/\/desarrollo.grupomedios.com\/futbol\/wp-json\/wp\/v2\/categories?post=457896"},{"taxonomy":"post_tag","embeddable":true,"href":"http:\/\/desarrollo.grupomedios.com\/futbol\/wp-json\/wp\/v2\/tags?post=457896"}],"curies":[{"name":"wp","href":"https:\/\/api.w.org\/{rel}","templated":true}]}}