{"id":457908,"date":"2017-02-03T09:35:32","date_gmt":"2017-02-03T15:35:32","guid":{"rendered":"https:\/\/www.futboltotal.com.mx\/?p=457908"},"modified":"2017-02-03T09:35:32","modified_gmt":"2017-02-03T15:35:32","slug":"xolos-anuncia-refuerzo-ultimo-momento","status":"publish","type":"post","link":"http:\/\/desarrollo.grupomedios.com\/futbol\/futbol-mexicano\/xolos-anuncia-refuerzo-ultimo-momento\/2017\/02","title":{"rendered":"Xolos anuncia refuerzo de \u00faltimo momento"},"content":{"rendered":"<p>De \u00faltimo momento y ya con el cierre de registros terminado, los Xolos de Tijuana cerraron a un \u00faltimo fichaje para el Clausura 2017, donde actualmente se encuentran como l\u00edderes.<\/p>\n<p>El futbolista argentino Mat\u00edas Pisano cerr\u00f3 el libro de registros de los fronterizos y se uni\u00f3 a la plantilla como el \u00faltimo refuerzo del conjunto dirigido por Miguel Herrera.<\/p>\n<p>https:\/\/twitter.com\/Xolos\/status\/827302531734786048<\/p>\n<p>El mediocampista debutado a los 17 a\u00f1os en el la Primera B de Argentina con el club Chacarita Juniors arrib\u00f3 a la Frontera el pasado fin de semana y tras realizar las pruebas f\u00edsicas, inici\u00f3 con los entrenamientos en el plantel xoloitzcincle.<\/p>\n<p>Pisano debutar\u00e1 en el futbol mexicano tras haber pasado el \u00faltimo a\u00f1o en el balompi\u00e9 de Brasil. Gambetero, tambi\u00e9n se ha caracterizado por su juego en equipo. Tiene m\u00e1s asistencias (37) que goles (22), a los 25 a\u00f1os buscar\u00e1 aportar la experiencia que gan\u00f3 en el Santa Cruz y Cruzeiro, as\u00ed como el Independiente argentino.<\/p>\n<p style=\"text-align: center;\"><span style=\"color: #3366ff;\"><a style=\"color: #3366ff;\" href=\"https:\/\/www.futboltotal.com.mx\/2017\/02\/extranjeros-la-liga-mx-tras-cierre-transferencias\/\">LEER M\u00c1S: Extranjeros de la Liga MX tras cierre de transferencias<\/a><\/span><\/p>\n<p>Mat\u00edas Pisano es el sexto registr\u00f3 realizado por el Club Tijuana, al sumarse a los fichajes de Joe Corona, Pablo Meza, Luis Michel, Mart\u00edn Lucero y Jorge Alberto Ortiz.<\/p>\n<p>*Con informaci\u00f3n del club Tijuana.<\/p>\n","protected":false},"excerpt":{"rendered":"<p>Los tijuanenses sumaron un argentino m\u00e1s a sus filas.<\/p>\n","protected":false},"author":20,"featured_media":453700,"comment_status":"closed","ping_status":"closed","sticky":false,"template":"","format":"standard","meta":[],"categories":[2198,3845,5950],"tags":[64,5974,1673],"_links":{"self":[{"href":"http:\/\/desarrollo.grupomedios.com\/futbol\/wp-json\/wp\/v2\/posts\/457908"}],"collection":[{"href":"http:\/\/desarrollo.grupomedios.com\/futbol\/wp-json\/wp\/v2\/posts"}],"about":[{"href":"http:\/\/desarrollo.grupomedios.com\/futbol\/wp-json\/wp\/v2\/types\/post"}],"author":[{"embeddable":true,"href":"http:\/\/desarrollo.grupomedios.com\/futbol\/wp-json\/wp\/v2\/users\/20"}],"replies":[{"embeddable":true,"href":"http:\/\/desarrollo.grupomedios.com\/futbol\/wp-json\/wp\/v2\/comments?post=457908"}],"version-history":[{"count":0,"href":"http:\/\/desarrollo.grupomedios.com\/futbol\/wp-json\/wp\/v2\/posts\/457908\/revisions"}],"wp:featuredmedia":[{"embeddable":true,"href":"http:\/\/desarrollo.grupomedios.com\/futbol\/wp-json\/wp\/v2\/media\/453700"}],"wp:attachment":[{"href":"http:\/\/desarrollo.grupomedios.com\/futbol\/wp-json\/wp\/v2\/media?parent=457908"}],"wp:term":[{"taxonomy":"category","embeddable":true,"href":"http:\/\/desarrollo.grupomedios.com\/futbol\/wp-json\/wp\/v2\/categories?post=457908"},{"taxonomy":"post_tag","embeddable":true,"href":"http:\/\/desarrollo.grupomedios.com\/futbol\/wp-json\/wp\/v2\/tags?post=457908"}],"curies":[{"name":"wp","href":"https:\/\/api.w.org\/{rel}","templated":true}]}}