{"id":457983,"date":"2017-02-03T16:56:52","date_gmt":"2017-02-03T22:56:52","guid":{"rendered":"https:\/\/www.futboltotal.com.mx\/?p=457983"},"modified":"2017-02-03T16:56:52","modified_gmt":"2017-02-03T22:56:52","slug":"andre-marin-corre-a-americanista-transmision-fox-sports","status":"publish","type":"post","link":"http:\/\/desarrollo.grupomedios.com\/futbol\/videos\/andre-marin-corre-a-americanista-transmision-fox-sports\/2017\/02","title":{"rendered":"\u00a1Andr\u00e9 Mar\u00edn corre a americanista de transmisi\u00f3n de Fox Sports!"},"content":{"rendered":"<p>Durante una transmisi\u00f3n del programa <em>La \u00daltima Palabra<\/em>, <strong>Mau Nieto<\/strong> fue invitado para hablar de su nuevo proyecto, el cual aparentemente estar\u00eda lleno de irreverencias, mismas que el joven comediante plasm\u00f3 durante la emisi\u00f3n, al grado de insultar a los comentaristas que estaban presentes, situaci\u00f3n que <strong>Andr\u00e9 Mar\u00edn<\/strong> no toler\u00f3, as\u00ed que llam\u00f3 al personal de seguridad para sacarlo de <em>Fox Sports<\/em>.<\/p>\n<p style=\"text-align: center;\"><span style=\"color: #3366ff;\"><a style=\"color: #3366ff;\" href=\"https:\/\/www.futboltotal.com.mx\/2017\/02\/gigantesco-trolleo-del-america-a-chivas\/\" target=\"_blank\"><strong>LEER M\u00c1S: Am\u00e9rica realiza gigantesco trolleo a Chivas<\/strong><\/a><\/span><\/p>\n<blockquote class=\"twitter-video\" data-lang=\"es\">\n<p dir=\"ltr\" lang=\"es\">\u00a1SEGURIDAD! &#x1f694;<a href=\"https:\/\/twitter.com\/NETenFOX\">@NETenFOX<\/a> \u00a1No vamos a permitir que <a href=\"https:\/\/twitter.com\/MauNieto\">@MauNieto<\/a> y su <a href=\"https:\/\/twitter.com\/hashtag\/CotorreoJuvenil?src=hash\">#CotorreoJuvenil<\/a> vengan a faltarnos al respeto! &#x1f4aa;&#x1f3fb;<\/p>\n<p>Prometi\u00f3 venganza <a href=\"https:\/\/t.co\/Jls7aLDHYt\">pic.twitter.com\/Jls7aLDHYt<\/a><\/p>\n<p>\u2014 La \u00daltima Palabra (@UpalabraMX) <a href=\"https:\/\/twitter.com\/UpalabraMX\/status\/827402321445298177\">3 de febrero de 2017<\/a><\/p><\/blockquote>\n<p><script async src=\"\/\/platform.twitter.com\/widgets.js\" charset=\"utf-8\"><\/script><\/p>\n<p><strong>S\u00edguenos en Twitter:<\/strong> <a href=\"https:\/\/twitter.com\/MXFutbolTotal\" target=\"_blank\">@MXFutbolTotal<\/a><\/p>\n","protected":false},"excerpt":{"rendered":"<p>El comentarista tuvo que llamar a seguridad para sacarlo del programa.<\/p>\n","protected":false},"author":20,"featured_media":457984,"comment_status":"closed","ping_status":"closed","sticky":false,"template":"","format":"standard","meta":[],"categories":[5419,4,6433],"tags":[5460,1490],"_links":{"self":[{"href":"http:\/\/desarrollo.grupomedios.com\/futbol\/wp-json\/wp\/v2\/posts\/457983"}],"collection":[{"href":"http:\/\/desarrollo.grupomedios.com\/futbol\/wp-json\/wp\/v2\/posts"}],"about":[{"href":"http:\/\/desarrollo.grupomedios.com\/futbol\/wp-json\/wp\/v2\/types\/post"}],"author":[{"embeddable":true,"href":"http:\/\/desarrollo.grupomedios.com\/futbol\/wp-json\/wp\/v2\/users\/20"}],"replies":[{"embeddable":true,"href":"http:\/\/desarrollo.grupomedios.com\/futbol\/wp-json\/wp\/v2\/comments?post=457983"}],"version-history":[{"count":0,"href":"http:\/\/desarrollo.grupomedios.com\/futbol\/wp-json\/wp\/v2\/posts\/457983\/revisions"}],"wp:featuredmedia":[{"embeddable":true,"href":"http:\/\/desarrollo.grupomedios.com\/futbol\/wp-json\/wp\/v2\/media\/457984"}],"wp:attachment":[{"href":"http:\/\/desarrollo.grupomedios.com\/futbol\/wp-json\/wp\/v2\/media?parent=457983"}],"wp:term":[{"taxonomy":"category","embeddable":true,"href":"http:\/\/desarrollo.grupomedios.com\/futbol\/wp-json\/wp\/v2\/categories?post=457983"},{"taxonomy":"post_tag","embeddable":true,"href":"http:\/\/desarrollo.grupomedios.com\/futbol\/wp-json\/wp\/v2\/tags?post=457983"}],"curies":[{"name":"wp","href":"https:\/\/api.w.org\/{rel}","templated":true}]}}