{"id":458173,"date":"2017-02-04T12:32:52","date_gmt":"2017-02-04T18:32:52","guid":{"rendered":"https:\/\/www.futboltotal.com.mx\/?p=458173"},"modified":"2017-02-04T12:32:52","modified_gmt":"2017-02-04T18:32:52","slug":"suspenden-partido-celta-real-madrid","status":"publish","type":"post","link":"http:\/\/desarrollo.grupomedios.com\/futbol\/futbol-internacional\/suspenden-partido-celta-real-madrid\/2017\/02","title":{"rendered":"Suspenden partido entre Celta y Real Madrid"},"content":{"rendered":"<p>El partido que iban a disputar el Celta de Vigo y el Real Madrid, de la vig\u00e9sima primera jornada de la Liga espa\u00f1ola, ha tenido que suspenderse a causa del temporal que azota a Galicia y que da\u00f1\u00f3 parte de la estructura de la grada de R\u00edo del estadio municipal de Bala\u00eddos.<\/p>\n<p>El Ayuntamiento vigu\u00e9s ha informado de esta cancelaci\u00f3n motivada por la meteorolog\u00eda adversa, raz\u00f3n por la cual se cancel\u00f3 igualmente el encuentro que iban a disputar el Deportivo de La Coru\u00f1a y el Betis en Riazor anoche.<\/p>\n<blockquote class=\"twitter-tweet\" data-width=\"500\">\n<p lang=\"es\" dir=\"ltr\">El RC Celta, pendiente de la confirmaci\u00f3n oficial de la suspensi\u00f3n del partido de este domingo.<\/p>\n<p>&mdash; RC Celta (@rccelta_oficial) <a href=\"https:\/\/twitter.com\/rccelta_oficial\/status\/827874509491433472\">February 4, 2017<\/a><\/p><\/blockquote>\n<p><script async src=\"\/\/platform.twitter.com\/widgets.js\" charset=\"utf-8\"><\/script><\/p>\n<p>El alcalde de Vigo, Abel Caballero, asegur\u00f3 este s\u00e1bado que &#8220;es completamente imposible&#8221; que ma\u00f1ana se dispute en Bala\u00eddos el partido que ten\u00edan previsto disputar el Celta y el Real Madrid de Liga porque el temporal que azota a Galicia ha provocado &#8220;desprendimientos importantes&#8221; en la cubierta de la grada de R\u00edo.<\/p>\n<blockquote><p>&#8220;La Liga tomar\u00e1 sus decisiones, pero en Bala\u00eddos no se va a jugar. Se le ha enviado el informe al Celta firmado con los t\u00e9cnicos para que se lo trasladen a la Liga. Con la seguridad no se puede hacer ninguna excepci\u00f3n, as\u00ed que en Vigo no se puede jugar&#8221;, explic\u00f3 el regidor socialista a los periodistas.<\/p><\/blockquote>\n<p>Caballero desvel\u00f3 que el motivo principal es que &#8220;los desprendimientos con viento pueden llegar hasta el terreno de juego, no es una cuesti\u00f3n s\u00f3lo de una parte de una grada acotable. Es completamente imposible jugar ma\u00f1ana porque lo primero es la seguridad, lo primero son las personas&#8221;.<\/p>\n<p style=\"text-align: center;\"><span style=\"color: #3366ff;\"><a style=\"color: #3366ff;\" href=\"https:\/\/www.futboltotal.com.mx\/2017\/02\/america-descarta-salida-michael-arroyo\/\">LEER M\u00c1S: Am\u00e9rica descarta salida de Michael Arroyo<\/a><\/span><\/p>\n<blockquote><p>&#8220;De ning\u00fan modo se va a jugar el partido en estas condiciones porque con este viento es imposible subir all\u00ed a arreglarlo. Hay unanimidad en que es un riesgo muy grande jugar en estas condiciones. No se puede vaciar una grada porque el riesgo es para todo el campo. En A Coru\u00f1a tampoco pudieron jugar y en Ferrol tampoco porque el temporal ha sido muy importante&#8221;, agreg\u00f3.<\/p><\/blockquote>\n<p>El alcalde de Vigo tambi\u00e9n descart\u00f3 que el choque se pueda jugar el pr\u00f3ximo lunes: &#8220;El informe que tenemos es que podemos empezar la obra como muy pronto el martes. Esto est\u00e1 como est\u00e1. \u00bfQu\u00e9 quieren, que juguemos con la vida de los trabajadores?&#8221;, se pregunt\u00f3 el alcalde, quien asegur\u00f3 estar &#8220;impresionado&#8221; con la magnitud de lo sucedido: &#8220;Da miedo lo que se ve en el estadio&#8221;.<\/p>\n<blockquote class=\"twitter-tweet\" data-width=\"500\">\n<p lang=\"es\" dir=\"ltr\">\u00bfPor qu\u00e9 no se arregla la cubierta rota y se juega el Celta-Real Madrid ma\u00f1ana? <a href=\"https:\/\/t.co\/IjTgpEnGcf\">pic.twitter.com\/IjTgpEnGcf<\/a><\/p>\n<p>&mdash; Josep Pedrerol (@jpedrerol) <a href=\"https:\/\/twitter.com\/jpedrerol\/status\/827916863749382144\">February 4, 2017<\/a><\/p><\/blockquote>\n<p><script async src=\"\/\/platform.twitter.com\/widgets.js\" charset=\"utf-8\"><\/script><\/p>\n<p>Caballero tambi\u00e9n mostr\u00f3 su oposici\u00f3n a que el partido se dispute fuera de la ciudad: &#8220;Todos los partidos del Celta se juegan en Bala\u00eddos. En la parte deportiva no tengo que entrar pero ser\u00eda dif\u00edcil de entender que por sufrir un temporal tremendo tuvi\u00e9semos que ir a jugar fuera. Pero eso lo tiene que decidir la Liga&#8221;. EFE<\/p>\n","protected":false},"excerpt":{"rendered":"<p>El partido podr\u00eda volverse a programar si se arregla el estadio.<\/p>\n","protected":false},"author":144,"featured_media":455752,"comment_status":"closed","ping_status":"closed","sticky":false,"template":"","format":"standard","meta":[],"categories":[3839,5951],"tags":[2407,5988],"_links":{"self":[{"href":"http:\/\/desarrollo.grupomedios.com\/futbol\/wp-json\/wp\/v2\/posts\/458173"}],"collection":[{"href":"http:\/\/desarrollo.grupomedios.com\/futbol\/wp-json\/wp\/v2\/posts"}],"about":[{"href":"http:\/\/desarrollo.grupomedios.com\/futbol\/wp-json\/wp\/v2\/types\/post"}],"author":[{"embeddable":true,"href":"http:\/\/desarrollo.grupomedios.com\/futbol\/wp-json\/wp\/v2\/users\/144"}],"replies":[{"embeddable":true,"href":"http:\/\/desarrollo.grupomedios.com\/futbol\/wp-json\/wp\/v2\/comments?post=458173"}],"version-history":[{"count":0,"href":"http:\/\/desarrollo.grupomedios.com\/futbol\/wp-json\/wp\/v2\/posts\/458173\/revisions"}],"wp:featuredmedia":[{"embeddable":true,"href":"http:\/\/desarrollo.grupomedios.com\/futbol\/wp-json\/wp\/v2\/media\/455752"}],"wp:attachment":[{"href":"http:\/\/desarrollo.grupomedios.com\/futbol\/wp-json\/wp\/v2\/media?parent=458173"}],"wp:term":[{"taxonomy":"category","embeddable":true,"href":"http:\/\/desarrollo.grupomedios.com\/futbol\/wp-json\/wp\/v2\/categories?post=458173"},{"taxonomy":"post_tag","embeddable":true,"href":"http:\/\/desarrollo.grupomedios.com\/futbol\/wp-json\/wp\/v2\/tags?post=458173"}],"curies":[{"name":"wp","href":"https:\/\/api.w.org\/{rel}","templated":true}]}}