{"id":458175,"date":"2017-02-04T13:18:11","date_gmt":"2017-02-04T19:18:11","guid":{"rendered":"https:\/\/www.futboltotal.com.mx\/?p=458175"},"modified":"2017-02-04T13:18:11","modified_gmt":"2017-02-04T19:18:11","slug":"doblete-falcao-pone-al-monaco-lider-en-francia","status":"publish","type":"post","link":"http:\/\/desarrollo.grupomedios.com\/futbol\/futbol-internacional\/doblete-falcao-pone-al-monaco-lider-en-francia\/2017\/02","title":{"rendered":"Doblete de Falcao pone al M\u00f3naco de l\u00edder en Francia"},"content":{"rendered":"<p>El colombiano Radamel Falcao, con un doblete, facilit\u00f3 al M\u00f3naco el triunfo ante el Niza en el derbi de la Costa Azul (3-0), que puso al conjunto del portugu\u00e9s Leonardo Jardim como l\u00edder en solitario de la Liga de Francia.<\/p>\n<blockquote class=\"twitter-tweet\" data-width=\"500\">\n<p lang=\"es\" dir=\"ltr\">90+3&#39; \u00a1TRIUNFO! \u00a1Somos l\u00edderes indiscutibles y en solitario de la <a href=\"https:\/\/twitter.com\/Ligue1_ESP\">@Ligue1_ESP<\/a>! \u00a1Gran victoria en casa, con nuestra gente! <a href=\"https:\/\/twitter.com\/hashtag\/ASMOGCN?src=hash\">#ASMOGCN<\/a> (3-0) <a href=\"https:\/\/t.co\/AFcROs3bMy\">pic.twitter.com\/AFcROs3bMy<\/a><\/p>\n<p>&mdash; AS Monaco ES (@AS_Monaco_ES) <a href=\"https:\/\/twitter.com\/AS_Monaco_ES\/status\/827938025636241408\">February 4, 2017<\/a><\/p><\/blockquote>\n<p><script async src=\"\/\/platform.twitter.com\/widgets.js\" charset=\"utf-8\"><\/script><\/p>\n<p>El cuadro monegasco apret\u00f3 el acelerador tras el descanso del encuentro disputado en el estadio Luis II, de la vig\u00e9sima cuarta jornada de la Ligue 1.<\/p>\n<p>Fue ah\u00ed cuando rompi\u00f3 el choque entre los dos equipos dominadores de la competici\u00f3n que saltaron al c\u00e9sped igualados a puntos en la cima de la clasificaci\u00f3n.<\/p>\n<p>Mucho tuvo que ver en el triunfo local la aportaci\u00f3n del lateral franc\u00e9s Benjamin Mendy. Dos acciones suyas por la izquierda dejaron en evidencia a la defensa visitante para batir al meta Yoan Cardinale y dejar encarrilado el enfrentamiento.<\/p>\n<p style=\"text-align: center;\"><span style=\"color: #3366ff;\"><a style=\"color: #3366ff;\" href=\"https:\/\/www.futboltotal.com.mx\/2017\/02\/barcelona-triunfa-ante-athletic-ya-espera-a-los-colchoneros\/\">LEER M\u00c1S: Bar\u00e7a triunfa ante el Athletic y ya espera a los Colchoneros<\/a><\/span><\/p>\n<p>En el minuto 47, Mendy centr\u00f3 al coraz\u00f3n del \u00e1rea del Niza y Germain, de cabeza, abri\u00f3 el marcador. A la hora de juego, otra internada del zaguero zurdo fue aprovechada por Falcao para llevar la pelota a la red y sentenciar el partido.<\/p>\n<p>El colombiano redonde\u00f3 el resultado a nueve minutos del cierre. Thomas Lemar aprovech\u00f3 las deficiencias defensivas de su rival y encontr\u00f3 a Falcao que, dentro del \u00e1rea, anot\u00f3 el tercero.<\/p>\n<p>El delantero sudamericano acumula ya 19 goles en los 25 partidos oficiales que ha jugado esta temporada. Catorce de ellos en la Ligue 1.<\/p>\n<p>https:\/\/twitter.com\/AS_Monaco_ES\/status\/827950183711440897<\/p>\n<p>El triunfo sit\u00faa al M\u00f3naco como l\u00edder en solitario de la competici\u00f3n con tres puntos de ventaja sobre el Niza y seis respecto al Paris Saint Germain, que visita al Dijon. EFE<\/p>\n","protected":false},"excerpt":{"rendered":"<p>M\u00f3naco venci\u00f3 al Niza para pasarlos en la tabla.<\/p>\n","protected":false},"author":144,"featured_media":440585,"comment_status":"closed","ping_status":"closed","sticky":false,"template":"","format":"standard","meta":[],"categories":[3839,5951],"tags":[4902,6093],"_links":{"self":[{"href":"http:\/\/desarrollo.grupomedios.com\/futbol\/wp-json\/wp\/v2\/posts\/458175"}],"collection":[{"href":"http:\/\/desarrollo.grupomedios.com\/futbol\/wp-json\/wp\/v2\/posts"}],"about":[{"href":"http:\/\/desarrollo.grupomedios.com\/futbol\/wp-json\/wp\/v2\/types\/post"}],"author":[{"embeddable":true,"href":"http:\/\/desarrollo.grupomedios.com\/futbol\/wp-json\/wp\/v2\/users\/144"}],"replies":[{"embeddable":true,"href":"http:\/\/desarrollo.grupomedios.com\/futbol\/wp-json\/wp\/v2\/comments?post=458175"}],"version-history":[{"count":0,"href":"http:\/\/desarrollo.grupomedios.com\/futbol\/wp-json\/wp\/v2\/posts\/458175\/revisions"}],"wp:featuredmedia":[{"embeddable":true,"href":"http:\/\/desarrollo.grupomedios.com\/futbol\/wp-json\/wp\/v2\/media\/440585"}],"wp:attachment":[{"href":"http:\/\/desarrollo.grupomedios.com\/futbol\/wp-json\/wp\/v2\/media?parent=458175"}],"wp:term":[{"taxonomy":"category","embeddable":true,"href":"http:\/\/desarrollo.grupomedios.com\/futbol\/wp-json\/wp\/v2\/categories?post=458175"},{"taxonomy":"post_tag","embeddable":true,"href":"http:\/\/desarrollo.grupomedios.com\/futbol\/wp-json\/wp\/v2\/tags?post=458175"}],"curies":[{"name":"wp","href":"https:\/\/api.w.org\/{rel}","templated":true}]}}