{"id":458450,"date":"2017-02-05T08:49:13","date_gmt":"2017-02-05T14:49:13","guid":{"rendered":"https:\/\/www.futboltotal.com.mx\/?p=458450"},"modified":"2017-02-05T08:50:18","modified_gmt":"2017-02-05T14:50:18","slug":"morelia-ya-tendria-al-remplazo-pablo-marini","status":"publish","type":"post","link":"http:\/\/desarrollo.grupomedios.com\/futbol\/futbol-mexicano\/morelia-ya-tendria-al-remplazo-pablo-marini\/2017\/02","title":{"rendered":"Morelia ya tendr\u00eda al remplazo de Pablo Marini"},"content":{"rendered":"<p>Luego de los malos resultados que se han dado en el equipo de <strong>Monarcas<\/strong>, la directiva ya analiza la situaci\u00f3n de su actual estratega y crean diversas posibilidades para el resto del torneo.<\/p>\n<p>De acuerdo a <em>ESPN<\/em>, en <strong>Morelia<\/strong> ya tendr\u00edan al que ser\u00eda el nuevo entrenador del conjunto Michoacano y se trata de <strong>Tom\u00e1s Boy<\/strong>, quien en alg\u00fan momento ya dirigi\u00f3 a <strong>Monarcas<\/strong> en tres ocasiones. Esta ser\u00eda la cuarta ocasi\u00f3n que el &#8220;Jefe&#8221; llegue al conjunto pur\u00e9pecha.<\/p>\n<p style=\"text-align: center;\"><a href=\"https:\/\/www.futboltotal.com.mx\/2017\/02\/resultado-liga-mx-morelia-0-2-america\/\" target=\"_blank\">LEER M\u00c1S: \u00a1Am\u00e9rica se aprovecha de un Monarca con peor crisis!<\/a><\/p>\n<p>Al finalizar el duelo ante Am\u00e9rica, fue el asistente\u00a0<strong>Gabriel Sim\u00f3n<\/strong> el que sali\u00f3 a la conferencia de prensa en lugar de <strong>Pablo Marini<\/strong>. Sim\u00f3n coment\u00f3 a los medios el motivo por el cual no hab\u00eda salido el estratega a dar la cara ante la prensa.<\/p>\n<blockquote><p>&#8220;El se\u00f1or Marini est\u00e1 reunido en estos momentos con la directiva, no voy a responder preguntas, buenas noches&#8221;, coment\u00f3 el asistente.<\/p><\/blockquote>\n<p>De esta forma crece a\u00fan m\u00e1s el rumor de que podr\u00eda ser <strong>Boy<\/strong> el que tome las riendas del<strong> Morelia<\/strong> para intentar salvarlo del descenso. Actualmente Monarcas ocupa la \u00faltima posici\u00f3n en la tabla porcentual y peligra su permanencia en la Liga MX.<\/p>\n<p>S\u00edguenos en Twitter: <a href=\"https:\/\/twitter.com\/MXFutbolTotal\" target=\"_blank\">@MXFutbolTotal<\/a><\/p>\n","protected":false},"excerpt":{"rendered":"<p>La continuidad del entrenador est\u00e1 en duda. <\/p>\n","protected":false},"author":20,"featured_media":458451,"comment_status":"closed","ping_status":"closed","sticky":false,"template":"","format":"standard","meta":[],"categories":[2198,3845],"tags":[85,5967,4869],"_links":{"self":[{"href":"http:\/\/desarrollo.grupomedios.com\/futbol\/wp-json\/wp\/v2\/posts\/458450"}],"collection":[{"href":"http:\/\/desarrollo.grupomedios.com\/futbol\/wp-json\/wp\/v2\/posts"}],"about":[{"href":"http:\/\/desarrollo.grupomedios.com\/futbol\/wp-json\/wp\/v2\/types\/post"}],"author":[{"embeddable":true,"href":"http:\/\/desarrollo.grupomedios.com\/futbol\/wp-json\/wp\/v2\/users\/20"}],"replies":[{"embeddable":true,"href":"http:\/\/desarrollo.grupomedios.com\/futbol\/wp-json\/wp\/v2\/comments?post=458450"}],"version-history":[{"count":0,"href":"http:\/\/desarrollo.grupomedios.com\/futbol\/wp-json\/wp\/v2\/posts\/458450\/revisions"}],"wp:featuredmedia":[{"embeddable":true,"href":"http:\/\/desarrollo.grupomedios.com\/futbol\/wp-json\/wp\/v2\/media\/458451"}],"wp:attachment":[{"href":"http:\/\/desarrollo.grupomedios.com\/futbol\/wp-json\/wp\/v2\/media?parent=458450"}],"wp:term":[{"taxonomy":"category","embeddable":true,"href":"http:\/\/desarrollo.grupomedios.com\/futbol\/wp-json\/wp\/v2\/categories?post=458450"},{"taxonomy":"post_tag","embeddable":true,"href":"http:\/\/desarrollo.grupomedios.com\/futbol\/wp-json\/wp\/v2\/tags?post=458450"}],"curies":[{"name":"wp","href":"https:\/\/api.w.org\/{rel}","templated":true}]}}