{"id":458454,"date":"2017-02-05T09:18:55","date_gmt":"2017-02-05T15:18:55","guid":{"rendered":"https:\/\/www.futboltotal.com.mx\/?p=458454"},"modified":"2017-02-05T09:18:55","modified_gmt":"2017-02-05T15:18:55","slug":"villarreal-rescata-valioso-empate-ante-sevilla","status":"publish","type":"post","link":"http:\/\/desarrollo.grupomedios.com\/futbol\/futbol-internacional\/villarreal-rescata-valioso-empate-ante-sevilla\/2017\/02","title":{"rendered":"Villarreal rescata valioso empate ante Sevilla"},"content":{"rendered":"<p>El Sevilla pierde fuelle en su pelea entre los primeros clasificados de la tabla al no pasar del empate a cero en un partido en el que desperdici\u00f3 un penalti a favor frente al Villarreal, un equipo que marcha tambi\u00e9n muy bien en LaLiga y que mostr\u00f3 buenos recursos y un gran portero como Sergio Asenjo.<\/p>\n<p>Muy pronto, antes de que se cumpliera el primer minuto de juego, los sevillistas reclamaron con intensidad un penalti por considerar que V\u00edctor Ruiz hab\u00eda agarrado dentro del \u00e1rea chica al montenegrino Stevan Jovetic, pero el colegiado navarro Alberto Undiano Mallenco no lo consider\u00f3.<\/p>\n<p>Al susto inicial que se llevaron los castellonenses respondieron r\u00e1pidamente con dos contragolpes peligrosos, sobre todo el segundo, en el que el delantero Adri\u00e1n L\u00f3pez, uno de los fichajes de invierno y que lleg\u00f3 procedente del Oporto portugu\u00e9s, cruz\u00f3 el bal\u00f3n demasiado cuando estaba solo ante el meta Sergio Rico.<\/p>\n<p style=\"text-align: center;\"><span style=\"color: #3366ff;\"><a style=\"color: #3366ff;\" href=\"https:\/\/www.futboltotal.com.mx\/2017\/02\/morelia-ya-tendria-al-remplazo-pablo-marini\/\" target=\"_blank\">LEER M\u00c1S: Morelia ya tendr\u00eda al remplazo de Pablo Marini<\/a><\/span><\/p>\n<p>Los locales tocaron mucho el bal\u00f3n pero se encontraron con un buen entramado defensivo del Villarreal, que mostr\u00f3 los recursos que le hacen ser el equipo menos goleado de la categor\u00eda.<\/p>\n<p>El extremo V\u00edctor Mach\u00edn &#8216;Vitolo&#8217;, que volv\u00eda al equipo tras dos partidos de baja por una lesi\u00f3n muscular, tambi\u00e9n tuvo su ocasi\u00f3n pero el bal\u00f3n se le fue alto, aunque los visitantes espor\u00e1dicamente respondieron con avances con peligro en un choque t\u00e1ctico en el que cualquier despiste pod\u00eda abrir un marcador que no se movi\u00f3 en la primera parte.<\/p>\n<p>Si en el inicio de la primera parte Undiano no pit\u00f3 penalti, en los comienzo de la segunda s\u00ed lo hizo por una entrada de Mario Gaspar a Vitolo, pero el franc\u00e9s Samir Nasri lo lanz\u00f3 de manera inocente y Asenjo no tuvo problemas para detener el bal\u00f3n.<\/p>\n<p>El equipo amarillo se mostr\u00f3 suficiente con el paso de los minutos, al mover bien el bal\u00f3n en el centro del campo y llegar con ganas al \u00e1rea adversaria, pero no remataba ante la lentitud e imprecisiones de los locales, a quienes se le anul\u00f3 un tanto por fuera de juego de Ben Yedder.<\/p>\n<p>As\u00ed entr\u00f3 el encuentro en su fase final, con un 0-0 que dej\u00f3 el resultado imprevisible y con la sensaci\u00f3n de que cualquiera se lo pod\u00eda llevar en alguna acci\u00f3n aislada, como en un cabezazo de Vicente Iborra y una espectacular respuesta de Asenjo en el minuto ochenta.<\/p>\n<p>El Villarreal dio por bueno el empate ya en los \u00faltimos minutos ante un Sevilla que busc\u00f3 el tanto con m\u00e1s ganas que una efectividad que no lleg\u00f3.<\/p>\n","protected":false},"excerpt":{"rendered":"<p>Jonathan jug\u00f3 los 90 minutos del encuentro. <\/p>\n","protected":false},"author":144,"featured_media":458455,"comment_status":"closed","ping_status":"closed","sticky":false,"template":"","format":"standard","meta":[],"categories":[3839,3846],"tags":[48,49,8169],"_links":{"self":[{"href":"http:\/\/desarrollo.grupomedios.com\/futbol\/wp-json\/wp\/v2\/posts\/458454"}],"collection":[{"href":"http:\/\/desarrollo.grupomedios.com\/futbol\/wp-json\/wp\/v2\/posts"}],"about":[{"href":"http:\/\/desarrollo.grupomedios.com\/futbol\/wp-json\/wp\/v2\/types\/post"}],"author":[{"embeddable":true,"href":"http:\/\/desarrollo.grupomedios.com\/futbol\/wp-json\/wp\/v2\/users\/144"}],"replies":[{"embeddable":true,"href":"http:\/\/desarrollo.grupomedios.com\/futbol\/wp-json\/wp\/v2\/comments?post=458454"}],"version-history":[{"count":0,"href":"http:\/\/desarrollo.grupomedios.com\/futbol\/wp-json\/wp\/v2\/posts\/458454\/revisions"}],"wp:featuredmedia":[{"embeddable":true,"href":"http:\/\/desarrollo.grupomedios.com\/futbol\/wp-json\/wp\/v2\/media\/458455"}],"wp:attachment":[{"href":"http:\/\/desarrollo.grupomedios.com\/futbol\/wp-json\/wp\/v2\/media?parent=458454"}],"wp:term":[{"taxonomy":"category","embeddable":true,"href":"http:\/\/desarrollo.grupomedios.com\/futbol\/wp-json\/wp\/v2\/categories?post=458454"},{"taxonomy":"post_tag","embeddable":true,"href":"http:\/\/desarrollo.grupomedios.com\/futbol\/wp-json\/wp\/v2\/tags?post=458454"}],"curies":[{"name":"wp","href":"https:\/\/api.w.org\/{rel}","templated":true}]}}