{"id":458894,"date":"2017-02-06T14:45:17","date_gmt":"2017-02-06T20:45:17","guid":{"rendered":"https:\/\/www.futboltotal.com.mx\/?p=458894"},"modified":"2017-02-06T14:45:17","modified_gmt":"2017-02-06T20:45:17","slug":"trolleada-a-oribe-peralta-publicar-frase-tom-brady","status":"publish","type":"post","link":"http:\/\/desarrollo.grupomedios.com\/futbol\/destacado-home\/trolleada-a-oribe-peralta-publicar-frase-tom-brady\/2017\/02","title":{"rendered":"&#8216;Trolleada&#8217; a Oribe Peralta por publicar frase de Tom Brady"},"content":{"rendered":"<p>Todo mundo tiene algo qu\u00e9 decir del <strong>Super Bowl LI<\/strong> o busca c\u00f3mo colgarse de la dram\u00e1tica remontada de los <strong>New England Patriots<\/strong> sobre los <strong>Atlanta Falcons<\/strong>, incluso <strong>Oribe Peralta<\/strong>.<\/p>\n<p>El delantero del <strong>Am\u00e9rica<\/strong> public\u00f3 en redes sociales una frase de <strong>Tom Brady<\/strong> en la que el hist\u00f3rico mariscal de campo destaca que sin pensar en las consecuencias hay que luchar hasta el final.<\/p>\n<p>Con lo que no contaba el <em>Cepillo<\/em> es con la reacci\u00f3n de algunos usuarios que, sin dudarlo, lo &#8216;trollearon&#8217; al recordarle momentos adversos como las fallas que vivi\u00f3 en la pasada final del Apertura 2016 ante <strong>Tigres<\/strong>.<\/p>\n<p>&nbsp;<\/p>\n<blockquote class=\"twitter-tweet\" data-lang=\"es\">\n<p dir=\"ltr\" lang=\"es\">&#8220;Solo tratamos de regresar, no lo piensas mucho solo luchas con todo lo que tienes&#8221;: T. Brady<\/p>\n<p>El <a href=\"https:\/\/twitter.com\/hashtag\/NoAflojen?src=hash\">#NoAflojen<\/a> en su m\u00e1xima expresi\u00f3n<\/p>\n<p>\u2014 Oribe Peralta (@OribePeralta) <a href=\"https:\/\/twitter.com\/OribePeralta\/status\/828456959280082944\">6 de febrero de 2017<\/a><\/p><\/blockquote>\n<p><script async src=\"\/\/platform.twitter.com\/widgets.js\" charset=\"utf-8\"><\/script><\/p>\n<p>S\u00f3lo como un ejemplo de las cr\u00edticas que se llev\u00f3 Oribe, algunas personas no tardaron en responderle con frases contundentes como esta:<\/p>\n<p>&nbsp;<\/p>\n<blockquote class=\"twitter-tweet\" data-lang=\"es\">\n<p dir=\"ltr\" lang=\"es\"><a href=\"https:\/\/twitter.com\/OribePeralta\">@OribePeralta<\/a> Como cuando cagaste los dos goles m\u00e1s f\u00e1ciles de tu vida en una final. Chingas a tu madre<\/p>\n<p>\u2014 Alex (@AlexChanguito) <a href=\"https:\/\/twitter.com\/AlexChanguito\/status\/828457274972704768\">6 de febrero de 2017<\/a><\/p><\/blockquote>\n<p><script async src=\"\/\/platform.twitter.com\/widgets.js\" charset=\"utf-8\"><\/script><\/p>\n<p><a href=\"https:\/\/www.futboltotal.com.mx\/2017\/02\/aficionado-en-honduras-se-metio-al-campo-marco-gol\/\">VER M\u00c1S: AFICIONADO EN HONDURAS SE METI\u00d3 AL CAMPO&#8230; \u00a1Y MARC\u00d3 UN GOL!<\/a><\/p>\n","protected":false},"excerpt":{"rendered":"<p>El delantero del Am\u00e9rica public\u00f3 en una frase de Tom Brady sin pensar en las consecuencias.<\/p>\n","protected":false},"author":20,"featured_media":456884,"comment_status":"closed","ping_status":"closed","sticky":false,"template":"","format":"standard","meta":[],"categories":[5419,5,2198,3845,5811,5418,6411],"tags":[5959,7893,7727,8068,4950,62,863,8172,7728,7896,6174],"_links":{"self":[{"href":"http:\/\/desarrollo.grupomedios.com\/futbol\/wp-json\/wp\/v2\/posts\/458894"}],"collection":[{"href":"http:\/\/desarrollo.grupomedios.com\/futbol\/wp-json\/wp\/v2\/posts"}],"about":[{"href":"http:\/\/desarrollo.grupomedios.com\/futbol\/wp-json\/wp\/v2\/types\/post"}],"author":[{"embeddable":true,"href":"http:\/\/desarrollo.grupomedios.com\/futbol\/wp-json\/wp\/v2\/users\/20"}],"replies":[{"embeddable":true,"href":"http:\/\/desarrollo.grupomedios.com\/futbol\/wp-json\/wp\/v2\/comments?post=458894"}],"version-history":[{"count":0,"href":"http:\/\/desarrollo.grupomedios.com\/futbol\/wp-json\/wp\/v2\/posts\/458894\/revisions"}],"wp:featuredmedia":[{"embeddable":true,"href":"http:\/\/desarrollo.grupomedios.com\/futbol\/wp-json\/wp\/v2\/media\/456884"}],"wp:attachment":[{"href":"http:\/\/desarrollo.grupomedios.com\/futbol\/wp-json\/wp\/v2\/media?parent=458894"}],"wp:term":[{"taxonomy":"category","embeddable":true,"href":"http:\/\/desarrollo.grupomedios.com\/futbol\/wp-json\/wp\/v2\/categories?post=458894"},{"taxonomy":"post_tag","embeddable":true,"href":"http:\/\/desarrollo.grupomedios.com\/futbol\/wp-json\/wp\/v2\/tags?post=458894"}],"curies":[{"name":"wp","href":"https:\/\/api.w.org\/{rel}","templated":true}]}}