{"id":458896,"date":"2017-02-06T15:10:06","date_gmt":"2017-02-06T21:10:06","guid":{"rendered":"https:\/\/www.futboltotal.com.mx\/?p=458896"},"modified":"2017-02-06T15:12:30","modified_gmt":"2017-02-06T21:12:30","slug":"pablo-marini-deja-ser-tecnico-morelia","status":"publish","type":"post","link":"http:\/\/desarrollo.grupomedios.com\/futbol\/destacado-home\/pablo-marini-deja-ser-tecnico-morelia\/2017\/02","title":{"rendered":"Cay\u00f3 3er. t\u00e9cnico del Clausura 2017, Pablo Marini deja Morelia"},"content":{"rendered":"<p>Una noticia que aparentemente tarde o temprano ser\u00eda confirmada finalmente es oficial: el argentino <strong>Pablo Marini<\/strong> ha dejado de ser el t\u00e9cnico de <strong>Morelia<\/strong>.<\/p>\n<p>El cuadro de Monarcas, por medio de un anuncio en redes sociales, ha dado a conocer que Marini, de 50 a\u00f1os y con amplia experiencia en Liga MX dirigiendo tambi\u00e9n a Jaguares, Pachuca, Atlante,\u00a0Mineros, Puebla y Veracruz, ya no es m\u00e1s el estratega del cuadro michoacano luego de apenas conseguir dos triunfos en lo que va del 2017, uno en Liga MX y otro en Copa MX.<\/p>\n<p>Con este cese, Marini se convierte en el tercer entrenador que es destituido de su cargo, luego de que <a href=\"https:\/\/www.futboltotal.com.mx\/2017\/01\/puebla-ya-nuevo-director-tecnico\/\">Ricardo Vali\u00f1o saliera del Puebla<\/a> para dejar su lugar a Jos\u00e9 Saturnino Cardozo y <a href=\"https:\/\/www.futboltotal.com.mx\/2017\/01\/victor-manuel-vucetich-queda-queretaro\/\">V\u00edctor Manuel Vucetich dejara al Quer\u00e9taro<\/a>, dejando su lugar al <a href=\"https:\/\/www.futboltotal.com.mx\/2017\/02\/queretaro-presenta-a-jaime-lozano-nuevo-dt\/\">debutante t\u00e9cnico Jaime Lozano<\/a>.<\/p>\n<p><a href=\"https:\/\/www.futboltotal.com.mx\/2017\/01\/sera-siguiente-tecnico-cesado-del-clausura-2017\/\">VER M\u00c1S: \u00bfQUI\u00c9N SER\u00c1 EL SIGUIENTE T\u00c9CNICO CESADO DEL CLAUSURA 2017?<\/a><\/p>\n<p>&nbsp;<\/p>\n<blockquote class=\"twitter-tweet\" data-lang=\"es\">\n<p dir=\"ltr\" lang=\"es\"><a href=\"https:\/\/twitter.com\/hashtag\/Comunicado?src=hash\">#Comunicado<\/a>: De com\u00fan acuerdo, Pablo Marini deja de ser nuestro DT, \u00a1gracias por tu entrega! <a href=\"https:\/\/t.co\/oPF2wyB9sD\">pic.twitter.com\/oPF2wyB9sD<\/a><\/p>\n<p>\u2014 Monarcas Morelia (@FuerzaMonarca) <a href=\"https:\/\/twitter.com\/FuerzaMonarca\/status\/828707682269794304\">6 de febrero de 2017<\/a><\/p><\/blockquote>\n<p><script async src=\"\/\/platform.twitter.com\/widgets.js\" charset=\"utf-8\"><\/script><\/p>\n<p>Asimismo, los nombres que se manejan para tomar las riendas de Morelia son dos viejos conocidos de la instituci\u00f3n, <a href=\"https:\/\/www.futboltotal.com.mx\/2017\/02\/morelia-ya-tendria-al-remplazo-pablo-marini\/\">Tom\u00e1s Boy<\/a> y el argentino Rub\u00e9n Omar Romano. El elegido deber\u00e1 liderar la remontada de Monarcas, que actualmente ocupa el puesto 13 de la tabla general pero se encuentra al fondo de la tabla porcentual.<\/p>\n<p><a href=\"https:\/\/www.futboltotal.com.mx\/2017\/02\/morelia-ya-tendria-al-remplazo-pablo-marini\/\">VER M\u00c1S: MORELIA YA TENDR\u00cdA EL REEMPLAZO DE PABLO MARINI<\/a><\/p>\n","protected":false},"excerpt":{"rendered":"<p>El argentino deja al club en el fondo de la tabla porcentual.<\/p>\n","protected":false},"author":20,"featured_media":458451,"comment_status":"closed","ping_status":"closed","sticky":false,"template":"","format":"standard","meta":[],"categories":[5,2198,3845],"tags":[7732,64,8179,85,784,5967,4869],"_links":{"self":[{"href":"http:\/\/desarrollo.grupomedios.com\/futbol\/wp-json\/wp\/v2\/posts\/458896"}],"collection":[{"href":"http:\/\/desarrollo.grupomedios.com\/futbol\/wp-json\/wp\/v2\/posts"}],"about":[{"href":"http:\/\/desarrollo.grupomedios.com\/futbol\/wp-json\/wp\/v2\/types\/post"}],"author":[{"embeddable":true,"href":"http:\/\/desarrollo.grupomedios.com\/futbol\/wp-json\/wp\/v2\/users\/20"}],"replies":[{"embeddable":true,"href":"http:\/\/desarrollo.grupomedios.com\/futbol\/wp-json\/wp\/v2\/comments?post=458896"}],"version-history":[{"count":0,"href":"http:\/\/desarrollo.grupomedios.com\/futbol\/wp-json\/wp\/v2\/posts\/458896\/revisions"}],"wp:featuredmedia":[{"embeddable":true,"href":"http:\/\/desarrollo.grupomedios.com\/futbol\/wp-json\/wp\/v2\/media\/458451"}],"wp:attachment":[{"href":"http:\/\/desarrollo.grupomedios.com\/futbol\/wp-json\/wp\/v2\/media?parent=458896"}],"wp:term":[{"taxonomy":"category","embeddable":true,"href":"http:\/\/desarrollo.grupomedios.com\/futbol\/wp-json\/wp\/v2\/categories?post=458896"},{"taxonomy":"post_tag","embeddable":true,"href":"http:\/\/desarrollo.grupomedios.com\/futbol\/wp-json\/wp\/v2\/tags?post=458896"}],"curies":[{"name":"wp","href":"https:\/\/api.w.org\/{rel}","templated":true}]}}