{"id":458906,"date":"2017-02-06T16:06:02","date_gmt":"2017-02-06T22:06:02","guid":{"rendered":"https:\/\/www.futboltotal.com.mx\/?p=458906"},"modified":"2017-02-06T16:12:14","modified_gmt":"2017-02-06T22:12:14","slug":"ochoa-viste-de-heroe-da-segunda-victoria-granada","status":"publish","type":"post","link":"http:\/\/desarrollo.grupomedios.com\/futbol\/destacado-home\/ochoa-viste-de-heroe-da-segunda-victoria-granada\/2017\/02","title":{"rendered":"Ochoa se viste de h\u00e9roe y da segunda victoria a Granada"},"content":{"rendered":"<p>El guardameta mexicano <strong>Guillermo Ochoa<\/strong> tuvo una buena actuaci\u00f3n en el triunfo de su equipo, el <strong>Granada<\/strong>, sobre <strong>Las Palmas<\/strong> en el cierre de la jornada 21 de la Liga Espa\u00f1ola.<\/p>\n<p>En diversas ocasiones Ochoa tuvo que salvar al conjunto rojiblanco. Memo evit\u00f3 el debut so\u00f1ado de Jes\u00e9 con Las Palmas y en los minutos finales del encuentro volvi\u00f3 a aparecer para rescatar ese triunfo que ayuda a respirar un poco al Granada.<\/p>\n<p>&nbsp;<\/p>\n<blockquote class=\"twitter-video\" data-lang=\"es\">\n<p dir=\"ltr\" lang=\"es\">\u23f1 92&#8242; | 1\u20e3-0\u20e3 | \u00a1El milagro de las manos y los reflejos! \u00a1Grande <a href=\"https:\/\/twitter.com\/yosoy8a\">@yosoy8a<\/a>! \u00a1Qu\u00e9 parad\u00f3nnnnnnnnnn para mantener la ventaja <a href=\"https:\/\/twitter.com\/hashtag\/GranadaLasPalmas?src=hash\">#GranadaLasPalmas<\/a> <a href=\"https:\/\/t.co\/X1yO8gQ7P8\">pic.twitter.com\/X1yO8gQ7P8<\/a><\/p>\n<p>\u2014 Granada C.F. (@GranadaCdeF) <a href=\"https:\/\/twitter.com\/GranadaCdeF\/status\/828719482529054720\">6 de febrero de 2017<\/a><\/p><\/blockquote>\n<p><script async src=\"\/\/platform.twitter.com\/widgets.js\" charset=\"utf-8\"><\/script><\/p>\n<p>El dominador al inicio del partido fue el Granada, que demostr\u00f3 su necesidad y sali\u00f3 muy enchufado y presionando en todo el campo al cuadro insular, que casi nunca renunci\u00f3 a tratar de jugar el bal\u00f3n desde atr\u00e1s.<\/p>\n<p>Tras un primer aviso rojiblanco con un gran centro del joven maliense Aly Malle que no encontr\u00f3 rematador, el 1-0 lleg\u00f3 en el minuto 17 con un colocado derechazo desde fuera del \u00e1rea de Andreas Pereira despu\u00e9s de que recuperara el esf\u00e9rico el marroqu\u00ed Mehdi Carcela-Gonz\u00e1lez.<\/p>\n<p>&nbsp;<\/p>\n<blockquote class=\"twitter-video\" data-lang=\"es\">\n<p dir=\"ltr\" lang=\"es\">MADRE M\u00cdA QUE GOLAZOOOO DE <a href=\"https:\/\/twitter.com\/andrinhopereira\">@andrinhopereira<\/a> <a href=\"https:\/\/t.co\/rsvVXgjD6b\">pic.twitter.com\/rsvVXgjD6b<\/a><\/p>\n<p>\u2014 Esta es tu Grada (@estugrada) <a href=\"https:\/\/twitter.com\/estugrada\/status\/828696355216453637\">6 de febrero de 2017<\/a><\/p><\/blockquote>\n<p><script async src=\"\/\/platform.twitter.com\/widgets.js\" charset=\"utf-8\"><\/script><\/p>\n<p>A partir de ese momento, la UD Las Palmas monopoliz\u00f3 la posesi\u00f3n del bal\u00f3n en el primer tiempo ante un Granada, aunque se top\u00f3 con su mala punter\u00eda, ya que s\u00f3lo hizo trabajar a Guillermo Ochoa con una falta directa lanzada por Jonathan Viera en el minuto 44.<\/p>\n<p style=\"text-align: center;\"><a href=\"https:\/\/www.futboltotal.com.mx\/2017\/02\/le-regalarian-a-la-volpe-sus-amigos-del-futbol\/\" target=\"_blank\">LEER M\u00c1S: \u00bfQu\u00e9 le regalar\u00edan a La Volpe sus \u2018amigos\u2019 del futbol?<\/a><\/p>\n<p>Como al inicio del partido, el Granada volvi\u00f3 a comparecer mejor en el segundo tiempo, pero perdon\u00f3 el 2-0, primero en un mano a mano que el colombiano Adri\u00e1n Ramos no pudo culminar ante Javi Varas, y despu\u00e9s con un disparo de Aly Malle que se march\u00f3 fuera por muy poco.<\/p>\n<p>Pedro Bigas, pese a su condici\u00f3n de central, volvi\u00f3 a rozar el empate con un chut lejano en la respuesta de los insulares, aunque el que de verdad perdon\u00f3 fue Jes\u00e9, quien en la primera pelota que toc\u00f3 en su regreso a la Liga toc\u00f3 mal un bal\u00f3n que s\u00f3lo ten\u00eda que empujar a meta vac\u00eda a un metro de la raya de gol y libre de marca.<\/p>\n<p>A rengl\u00f3n seguido volvi\u00f3 a salir ganador Javi Varas del duelo ante Adri\u00e1n Ramos, mientras que Jes\u00e9 volvi\u00f3 a tener la opci\u00f3n de marcar pero se top\u00f3 con una buena intervenci\u00f3n de Ochoa.<\/p>\n<p>&nbsp;<\/p>\n<blockquote class=\"twitter-tweet\" data-lang=\"es\">\n<p dir=\"ltr\" lang=\"es\">\u00a1Sac\u00f3 Ochoa el mano a mano con Jes\u00e9!<\/p>\n<p>Primeros minutos del &#8217;10&#8217; con la <a href=\"https:\/\/twitter.com\/UDLP_Oficial\">@UDLP_Oficial<\/a> &#x1f449; <a href=\"https:\/\/t.co\/sx0HBeGJBD\">https:\/\/t.co\/sx0HBeGJBD<\/a> <a href=\"https:\/\/twitter.com\/hashtag\/GranadaLasPalmas?src=hash\">#GranadaLasPalmas<\/a> <a href=\"https:\/\/t.co\/kdxihYyrMS\">pic.twitter.com\/kdxihYyrMS<\/a><\/p>\n<p>\u2014 LaLiga (@LaLiga) <a href=\"https:\/\/twitter.com\/LaLiga\/status\/828716867057549312\">6 de febrero de 2017<\/a><\/p><\/blockquote>\n<p><script async src=\"\/\/platform.twitter.com\/widgets.js\" charset=\"utf-8\"><\/script><\/p>\n<p>Las Palmas se volc\u00f3 y lo intent\u00f3 todo en un final de partido fren\u00e9tico, pero Ochoa se convirti\u00f3 en el salvador de los suyos con una mano prodigiosa ante Tana en el tiempo a\u00f1adido.<\/p>\n","protected":false},"excerpt":{"rendered":"<p>El mexicano salvo a su equipo y consiguieron valiosos tres puntos.<\/p>\n","protected":false},"author":144,"featured_media":458918,"comment_status":"closed","ping_status":"closed","sticky":false,"template":"","format":"standard","meta":[],"categories":[5,3839,3844,6718],"tags":[700,5991,6114,5956,679,2027],"_links":{"self":[{"href":"http:\/\/desarrollo.grupomedios.com\/futbol\/wp-json\/wp\/v2\/posts\/458906"}],"collection":[{"href":"http:\/\/desarrollo.grupomedios.com\/futbol\/wp-json\/wp\/v2\/posts"}],"about":[{"href":"http:\/\/desarrollo.grupomedios.com\/futbol\/wp-json\/wp\/v2\/types\/post"}],"author":[{"embeddable":true,"href":"http:\/\/desarrollo.grupomedios.com\/futbol\/wp-json\/wp\/v2\/users\/144"}],"replies":[{"embeddable":true,"href":"http:\/\/desarrollo.grupomedios.com\/futbol\/wp-json\/wp\/v2\/comments?post=458906"}],"version-history":[{"count":0,"href":"http:\/\/desarrollo.grupomedios.com\/futbol\/wp-json\/wp\/v2\/posts\/458906\/revisions"}],"wp:featuredmedia":[{"embeddable":true,"href":"http:\/\/desarrollo.grupomedios.com\/futbol\/wp-json\/wp\/v2\/media\/458918"}],"wp:attachment":[{"href":"http:\/\/desarrollo.grupomedios.com\/futbol\/wp-json\/wp\/v2\/media?parent=458906"}],"wp:term":[{"taxonomy":"category","embeddable":true,"href":"http:\/\/desarrollo.grupomedios.com\/futbol\/wp-json\/wp\/v2\/categories?post=458906"},{"taxonomy":"post_tag","embeddable":true,"href":"http:\/\/desarrollo.grupomedios.com\/futbol\/wp-json\/wp\/v2\/tags?post=458906"}],"curies":[{"name":"wp","href":"https:\/\/api.w.org\/{rel}","templated":true}]}}