{"id":458963,"date":"2017-02-07T09:21:54","date_gmt":"2017-02-07T15:21:54","guid":{"rendered":"https:\/\/www.futboltotal.com.mx\/?p=458963"},"modified":"2017-02-07T09:31:46","modified_gmt":"2017-02-07T15:31:46","slug":"chepo-la-torre-suspendido-dos-juegos","status":"publish","type":"post","link":"http:\/\/desarrollo.grupomedios.com\/futbol\/futbol-mexicano\/chepo-la-torre-suspendido-dos-juegos\/2017\/02","title":{"rendered":"Chepo de la Torre, suspendido dos juegos"},"content":{"rendered":"<p>Los reclamos desmedidos al arbitraje y la expulsi\u00f3n que sufri\u00f3 durante el duelo ante Chivas de la jornada 5 del Clausura 2017 le costaron caro al entrenador de Santos, Jos\u00e9 Manuel <em>Chepo<\/em> de la Torre, quien fue sancionado con un par de juegos, por lo que no podr\u00e1 pisar la cancha ante Le\u00f3n y Cruz Azul.<\/p>\n<p>La Comisi\u00f3n Disciplinaria de la Federaci\u00f3n Mexicana de Futbol (FMF) inform\u00f3 en el reporte que\u00a0De la Torre se va un partido por haber reclamado de manera constante las decisiones del cuerpo arbitral, y uno m\u00e1s por faltarle al respeto a los oficiales del encuentro ante el Guadalajara.<\/p>\n<p style=\"text-align: center;\"><a href=\"https:\/\/www.futboltotal.com.mx\/futbol-mexicano\/\"><span style=\"color: #3366ff;\">LEER M\u00c1S: Todas las noticias de futbol mexicano<\/span><\/a><\/p>\n<p>Para el duelo del pr\u00f3ximo domingo Santos tampoco podr\u00e1 contar con Diego de Buen, quien fue reportado por juego brusco grave.<\/p>\n<p>En su reporte semanal de la jornada cinco del Torneo Clausura 2017 de la Liga MX, el organismo tambi\u00e9n dio a conocer que el delantero del Toluca, Enrique Triverio tampoco estar\u00e1 disponible para el cotejo ante Veracruz, pese a que el club present\u00f3 un recurso, que al final fue desestimado.<\/p>\n<p>La quinta jornada de la Liga MX fue bastante accidentada y dicha comisi\u00f3n dio a conocer que se registraron un total de 39 tarjetas amarillas y cinco rojas.<\/p>\n","protected":false},"excerpt":{"rendered":"<p>La Comisi\u00f3n Disciplinaria tambi\u00e9n rechaz\u00f3 la apelaci\u00f3n de Toluca por Enrique Triverio.<\/p>\n","protected":false},"author":20,"featured_media":458967,"comment_status":"closed","ping_status":"closed","sticky":false,"template":"","format":"standard","meta":[],"categories":[2198,3845],"tags":[741,64,5880,5972],"_links":{"self":[{"href":"http:\/\/desarrollo.grupomedios.com\/futbol\/wp-json\/wp\/v2\/posts\/458963"}],"collection":[{"href":"http:\/\/desarrollo.grupomedios.com\/futbol\/wp-json\/wp\/v2\/posts"}],"about":[{"href":"http:\/\/desarrollo.grupomedios.com\/futbol\/wp-json\/wp\/v2\/types\/post"}],"author":[{"embeddable":true,"href":"http:\/\/desarrollo.grupomedios.com\/futbol\/wp-json\/wp\/v2\/users\/20"}],"replies":[{"embeddable":true,"href":"http:\/\/desarrollo.grupomedios.com\/futbol\/wp-json\/wp\/v2\/comments?post=458963"}],"version-history":[{"count":0,"href":"http:\/\/desarrollo.grupomedios.com\/futbol\/wp-json\/wp\/v2\/posts\/458963\/revisions"}],"wp:featuredmedia":[{"embeddable":true,"href":"http:\/\/desarrollo.grupomedios.com\/futbol\/wp-json\/wp\/v2\/media\/458967"}],"wp:attachment":[{"href":"http:\/\/desarrollo.grupomedios.com\/futbol\/wp-json\/wp\/v2\/media?parent=458963"}],"wp:term":[{"taxonomy":"category","embeddable":true,"href":"http:\/\/desarrollo.grupomedios.com\/futbol\/wp-json\/wp\/v2\/categories?post=458963"},{"taxonomy":"post_tag","embeddable":true,"href":"http:\/\/desarrollo.grupomedios.com\/futbol\/wp-json\/wp\/v2\/tags?post=458963"}],"curies":[{"name":"wp","href":"https:\/\/api.w.org\/{rel}","templated":true}]}}