{"id":458977,"date":"2017-02-07T09:55:33","date_gmt":"2017-02-07T15:55:33","guid":{"rendered":"https:\/\/www.futboltotal.com.mx\/?p=458977"},"modified":"2017-02-07T12:11:32","modified_gmt":"2017-02-07T18:11:32","slug":"psg-dispuesto-a-pelear-real-madrid-kun-aguero","status":"publish","type":"post","link":"http:\/\/desarrollo.grupomedios.com\/futbol\/futbol-internacional\/psg-dispuesto-a-pelear-real-madrid-kun-aguero\/2017\/02","title":{"rendered":"El PSG, dispuesto a pelear con Real Madrid por el Kun Ag\u00fcero"},"content":{"rendered":"<p>Luego de ser durante varias campa\u00f1as la estrella m\u00e1xima del Manchester City, parece que la estancia de <strong>Sergio Ag\u00fcero<\/strong> en el club se ha complicado de forma seria en la temporada 2016-17.<\/p>\n<p>Aunque el <strong><em>Kun<\/em><\/strong> sigue siendo el mejor goleador de los <em>Citizens<\/em> en la <em>Premier League<\/em> actual (lleva 11 anotaciones luego de 24 fechas disputadas), parece que ha perdido su lugar de privilegio a ra\u00edz de la llegada del \u00faltimo refuerzo del equipo.<\/p>\n<p style=\"text-align: center;\"><a href=\"https:\/\/www.futboltotal.com.mx\/2017\/02\/manchester-city-logra-importante-triunfo-la-hora\/\" target=\"_blank\"><span style=\"color: #3366ff;\"><strong>LEER M\u00c1S: Manchester City logra importante triunfo sobre la hora<\/strong><\/span><\/a><\/p>\n<p>Gabriel Jes\u00fas fue firmado por el City hace meses, pero se incorpor\u00f3 al equipo apenas en enero. Y lo cierto es que ha ca\u00eddo con el pie derecho en el futbol ingl\u00e9s.<\/p>\n<p>En sus tres primeras apariciones con el cuadro que dirige Pep Guardiola, el delantero brasile\u00f1o tiene ya tres goles y parece asentarse en el once titular.<\/p>\n<p style=\"text-align: center;\"><a href=\"https:\/\/www.futboltotal.com.mx\/2017\/01\/aguero-guardiola-se-reunieron-discutir-la-venta-del-kun\/\" target=\"_blank\"><span style=\"color: #3366ff;\"><strong>LEER M\u00c1S:\u00a0Ag\u00fcero y Guardiola se reunieron para discutir la venta del Kun<\/strong><\/span><\/a><\/p>\n<p>Eso despert\u00f3 rumores en la prensa inglesa acerca de la posible salida de <strong>Ag\u00fcero<\/strong> al t\u00e9rmino de la campa\u00f1a. Seg\u00fan el Mirror, el Real Madrid est\u00e1 dispuesto a pagar 86 millones de euros por el argentino, en quien ya se ha interesado en el pasado.<\/p>\n<p>Sin embargo, parece que los <em>Merengues<\/em> no tendr\u00e1n v\u00eda libre para intentar fichar al <strong><em>Kun<\/em><\/strong>. Hoy, el sitio del medio ingl\u00e9s The Times publica que el Paris Saint-Germain tambi\u00e9n tiene la mira puesta en el delantero argentino y est\u00e1 dispuesto a ofrecer 92 millones de euros por \u00e9l.<\/p>\n<blockquote class=\"twitter-tweet\" data-lang=\"es\">\n<p dir=\"ltr\" lang=\"es\">PSG se suma a Real Madrid y Juventus en la lista de interesados en sumar a <strong><em>Kun<\/em> Ag\u00fcero<\/strong> a partir de junio. <a href=\"https:\/\/twitter.com\/hashtag\/MercadoDePases?src=hash\">#MercadoDePases<\/a> <a href=\"https:\/\/t.co\/ld02igSw1Y\">pic.twitter.com\/ld02igSw1Y<\/a><\/p>\n<p>\u2014 VarskySports (@VarskySports) <a href=\"https:\/\/twitter.com\/VarskySports\/status\/828984163130761218\">7 de febrero de 2017<\/a><\/p><\/blockquote>\n<p><script async src=\"\/\/platform.twitter.com\/widgets.js\" charset=\"utf-8\"><\/script><\/p>\n<p>La puja para llevarse al delantero de la <em>Albiceleste<\/em> ser\u00e1 dura, seg\u00fan parece, y \u00e9l mismo declar\u00f3 este fin de semana que luchar\u00e1 por jugar hasta que termine la temporada: \u201cLuego veremos qu\u00e9 quieren hacer conmigo\u201d.<\/p>\n<p><a href=\"https:\/\/twitter.com\/MXFutbolTotal\" target=\"_blank\"><span style=\"color: #3366ff;\"><strong>S\u00edguenos en Twitter: @MXFutbolTotal<\/strong><\/span><\/a><\/p>\n","protected":false},"excerpt":{"rendered":"<p>Sergio ha perdido protagonismo en el City y comienzan las dudas sobre su futuro en el club.<\/p>\n","protected":false},"author":20,"featured_media":432437,"comment_status":"closed","ping_status":"closed","sticky":false,"template":"","format":"standard","meta":[],"categories":[3839,5951],"tags":[1742,2450,253,413,8041,2510,603,148,152,76,408,2048,6075,5993,1376,1791,334,114,5988,5992],"_links":{"self":[{"href":"http:\/\/desarrollo.grupomedios.com\/futbol\/wp-json\/wp\/v2\/posts\/458977"}],"collection":[{"href":"http:\/\/desarrollo.grupomedios.com\/futbol\/wp-json\/wp\/v2\/posts"}],"about":[{"href":"http:\/\/desarrollo.grupomedios.com\/futbol\/wp-json\/wp\/v2\/types\/post"}],"author":[{"embeddable":true,"href":"http:\/\/desarrollo.grupomedios.com\/futbol\/wp-json\/wp\/v2\/users\/20"}],"replies":[{"embeddable":true,"href":"http:\/\/desarrollo.grupomedios.com\/futbol\/wp-json\/wp\/v2\/comments?post=458977"}],"version-history":[{"count":0,"href":"http:\/\/desarrollo.grupomedios.com\/futbol\/wp-json\/wp\/v2\/posts\/458977\/revisions"}],"wp:featuredmedia":[{"embeddable":true,"href":"http:\/\/desarrollo.grupomedios.com\/futbol\/wp-json\/wp\/v2\/media\/432437"}],"wp:attachment":[{"href":"http:\/\/desarrollo.grupomedios.com\/futbol\/wp-json\/wp\/v2\/media?parent=458977"}],"wp:term":[{"taxonomy":"category","embeddable":true,"href":"http:\/\/desarrollo.grupomedios.com\/futbol\/wp-json\/wp\/v2\/categories?post=458977"},{"taxonomy":"post_tag","embeddable":true,"href":"http:\/\/desarrollo.grupomedios.com\/futbol\/wp-json\/wp\/v2\/tags?post=458977"}],"curies":[{"name":"wp","href":"https:\/\/api.w.org\/{rel}","templated":true}]}}