{"id":458995,"date":"2017-02-07T10:45:14","date_gmt":"2017-02-07T16:45:14","guid":{"rendered":"https:\/\/www.futboltotal.com.mx\/?p=458995"},"modified":"2017-02-07T16:14:42","modified_gmt":"2017-02-07T22:14:42","slug":"causa-efecto-cecilio-dominguez","status":"publish","type":"post","link":"http:\/\/desarrollo.grupomedios.com\/futbol\/destacado-home\/causa-efecto-cecilio-dominguez\/2017\/02","title":{"rendered":"Causa y efecto de&#8230; Cecilio Dom\u00ednguez"},"content":{"rendered":"<p>Apenas el pasado 28 de enero el delantero paraguayo <strong>Cecilio Dom\u00ednguez<\/strong> se estren\u00f3 como goleador del Am\u00e9rica ante Veracruz y este fin de semana, en la jornada 5 del Clausura 2017, volvi\u00f3 a mover las redes. Esta vez su v\u00edctima fue Morelia. Dos goles en dos partidos de liga. Y dos triunfos para las <em>\u00c1guilas.\u00a0<\/em>Su estad\u00eda por Coapa ilusiona.<\/p>\n<p>Tras su primer gol, el guaran\u00ed dio una peque\u00f1a muestra de humildad: &#8220;Nunca pens\u00e9 que mi primer gol fuera en el estadio Azteca. Pero lo que m\u00e1s me ilusiona es que el equipo haya ganado&#8221;. La sencillez se la inculcaron sus padres y \u00e9l mismo la practic\u00f3 desde que estaba apartado de los reflectores y trabajaba para ayudarlos con los gastos de la casa y, al mismo tiempo, poder cumplir el sue\u00f1o de ser futbolista profesional.<\/p>\n<p>En <em>Futbol Total<\/em>\u00a0te lo contamos en Causa y Efecto de&#8230; <strong>Cecilio Dom\u00ednguez.\u00a0<\/strong><\/p>\n<p style=\"text-align: center;\"><span style=\"color: #3366ff;\">LEER M\u00c1S: Todas las noticias de futbol mexicano<\/span><\/p>\n<p>[video_player]https:\/\/player.vimeo.com\/external\/202954620.hd.mp4?s=49b09bad759bd7a3716e10656f65137061ba1fe2&amp;profile_id=174[\/video_player]<\/p>\n","protected":false},"excerpt":{"rendered":"<p>El delantero paraguayo lleva dos goles en dos partidos con el Am\u00e9rica.<\/p>\n","protected":false},"author":20,"featured_media":459005,"comment_status":"closed","ping_status":"closed","sticky":false,"template":"","format":"standard","meta":[],"categories":[5,2198,3845],"tags":[5959,8184,7881],"_links":{"self":[{"href":"http:\/\/desarrollo.grupomedios.com\/futbol\/wp-json\/wp\/v2\/posts\/458995"}],"collection":[{"href":"http:\/\/desarrollo.grupomedios.com\/futbol\/wp-json\/wp\/v2\/posts"}],"about":[{"href":"http:\/\/desarrollo.grupomedios.com\/futbol\/wp-json\/wp\/v2\/types\/post"}],"author":[{"embeddable":true,"href":"http:\/\/desarrollo.grupomedios.com\/futbol\/wp-json\/wp\/v2\/users\/20"}],"replies":[{"embeddable":true,"href":"http:\/\/desarrollo.grupomedios.com\/futbol\/wp-json\/wp\/v2\/comments?post=458995"}],"version-history":[{"count":1,"href":"http:\/\/desarrollo.grupomedios.com\/futbol\/wp-json\/wp\/v2\/posts\/458995\/revisions"}],"predecessor-version":[{"id":469666,"href":"http:\/\/desarrollo.grupomedios.com\/futbol\/wp-json\/wp\/v2\/posts\/458995\/revisions\/469666"}],"wp:featuredmedia":[{"embeddable":true,"href":"http:\/\/desarrollo.grupomedios.com\/futbol\/wp-json\/wp\/v2\/media\/459005"}],"wp:attachment":[{"href":"http:\/\/desarrollo.grupomedios.com\/futbol\/wp-json\/wp\/v2\/media?parent=458995"}],"wp:term":[{"taxonomy":"category","embeddable":true,"href":"http:\/\/desarrollo.grupomedios.com\/futbol\/wp-json\/wp\/v2\/categories?post=458995"},{"taxonomy":"post_tag","embeddable":true,"href":"http:\/\/desarrollo.grupomedios.com\/futbol\/wp-json\/wp\/v2\/tags?post=458995"}],"curies":[{"name":"wp","href":"https:\/\/api.w.org\/{rel}","templated":true}]}}