{"id":459026,"date":"2017-02-07T11:43:16","date_gmt":"2017-02-07T17:43:16","guid":{"rendered":"https:\/\/www.futboltotal.com.mx\/?p=459026"},"modified":"2017-02-07T11:43:16","modified_gmt":"2017-02-07T17:43:16","slug":"calhanoglu-renuncia-a-sueldo-suspension","status":"publish","type":"post","link":"http:\/\/desarrollo.grupomedios.com\/futbol\/futbol-internacional\/calhanoglu-renuncia-a-sueldo-suspension\/2017\/02","title":{"rendered":"Calhanoglu renuncia a su sueldo por suspensi\u00f3n"},"content":{"rendered":"<p>El centrocampista turco <strong>Hakan Calhanoglu<\/strong>, compa\u00f1ero de Chicharito Hern\u00e1ndez en el Bayer Leverkusen, no cobrar\u00e1 sueldo durante los cuatro meses que estar\u00e1 alejado de los campos por sanci\u00f3n por irregularidades en un traspaso en 2012.<\/p>\n<blockquote><p>&#8220;Para mi es claro que no le voy a hacer m\u00e1s da\u00f1o al club&#8221;, dijo <strong>Calhanoglu<\/strong> en un comunicado del Leverkusen.<\/p>\n<p style=\"text-align: center;\"><a href=\"https:\/\/www.futboltotal.com.mx\/futbol-internacional\/\"><span style=\"color: #3366ff;\">LEER M\u00c1S: Todas las noticias de futbol internacional<\/span><\/a><\/p>\n<\/blockquote>\n<p>La sanci\u00f3n, impuesta por la FIFA y refrendada por el Tribunal de Arbitraje Deportivo (TAS) se debe a que el jugador en 2012 hab\u00eda firmado con el Trabzonspor de Turqu\u00eda pero opt\u00f3 por seguir en la disciplina del Karlsruher SC.<\/p>\n<blockquote><p>&#8220;El Bayer Leverkusen no tiene nada que ver con lo ocurrido entonces, pero la sanci\u00f3n le afecta econ\u00f3mica y deportivamente, Por eso renunciar\u00e9 a mi salario durante el tiempo de la sanci\u00f3n&#8221;, dijo el jugador.<\/p><\/blockquote>\n<p><strong>Calhanoglu,<\/strong> seg\u00fan el Leverkusen, se seguir\u00e1 entrenando con el equipo y apoyando a sus compa\u00f1eros. Adem\u00e1s, el club estudia si el jugador -con apoyo del Leverkusen- puede interponer un recurso en contra de la decisi\u00f3n del TAS, ya que el club no puede recurrir la decisi\u00f3n porque el proceso ten\u00eda que ver con el jugador y no con el Bayer Leverkusen.<\/p>\n","protected":false},"excerpt":{"rendered":"<p>El Leverkusen confirm\u00f3 que el jugador seguir\u00e1 entrenando con el primer equipo. <\/p>\n","protected":false},"author":20,"featured_media":459031,"comment_status":"closed","ping_status":"closed","sticky":false,"template":"","format":"standard","meta":[],"categories":[3839,6822,5951],"tags":[4335,6144],"_links":{"self":[{"href":"http:\/\/desarrollo.grupomedios.com\/futbol\/wp-json\/wp\/v2\/posts\/459026"}],"collection":[{"href":"http:\/\/desarrollo.grupomedios.com\/futbol\/wp-json\/wp\/v2\/posts"}],"about":[{"href":"http:\/\/desarrollo.grupomedios.com\/futbol\/wp-json\/wp\/v2\/types\/post"}],"author":[{"embeddable":true,"href":"http:\/\/desarrollo.grupomedios.com\/futbol\/wp-json\/wp\/v2\/users\/20"}],"replies":[{"embeddable":true,"href":"http:\/\/desarrollo.grupomedios.com\/futbol\/wp-json\/wp\/v2\/comments?post=459026"}],"version-history":[{"count":0,"href":"http:\/\/desarrollo.grupomedios.com\/futbol\/wp-json\/wp\/v2\/posts\/459026\/revisions"}],"wp:featuredmedia":[{"embeddable":true,"href":"http:\/\/desarrollo.grupomedios.com\/futbol\/wp-json\/wp\/v2\/media\/459031"}],"wp:attachment":[{"href":"http:\/\/desarrollo.grupomedios.com\/futbol\/wp-json\/wp\/v2\/media?parent=459026"}],"wp:term":[{"taxonomy":"category","embeddable":true,"href":"http:\/\/desarrollo.grupomedios.com\/futbol\/wp-json\/wp\/v2\/categories?post=459026"},{"taxonomy":"post_tag","embeddable":true,"href":"http:\/\/desarrollo.grupomedios.com\/futbol\/wp-json\/wp\/v2\/tags?post=459026"}],"curies":[{"name":"wp","href":"https:\/\/api.w.org\/{rel}","templated":true}]}}