{"id":459048,"date":"2017-02-07T13:39:00","date_gmt":"2017-02-07T19:39:00","guid":{"rendered":"https:\/\/www.futboltotal.com.mx\/?p=459048"},"modified":"2017-02-07T13:50:13","modified_gmt":"2017-02-07T19:50:13","slug":"profe-cruz-aclara-el-enojo-de-matias-alustiza","status":"publish","type":"post","link":"http:\/\/desarrollo.grupomedios.com\/futbol\/futbol-mexicano\/profe-cruz-aclara-el-enojo-de-matias-alustiza\/2017\/02","title":{"rendered":"&#8220;Alustiza era \u00eddolo en Puebla, ac\u00e1 es uno m\u00e1s&#8221;: Cruz"},"content":{"rendered":"<p>En el <strong>Atlas<\/strong> no hay jerarqu\u00edas y las decisiones t\u00e9cnicas se aplican a todos por igual. Si en cualquier partido\u00a0alg\u00fan jugador no da para m\u00e1s tiene que salir de la cancha, le guste o no.<\/p>\n<p>As\u00ed de claro fue el\u00a0director t\u00e9cnico de los <em>Rojinegros, <\/em><strong>Jos\u00e9 Guadalupe Cruz<\/strong>, al explicar la raz\u00f3n por la que sac\u00f3 a <strong>Mat\u00edas Alustiza<\/strong> ante Puebla, cuando faltaba un cuarto de hora para que acabar el duelo y el equipo necesitaba romper el cero en el marcador.<\/p>\n<p style=\"text-align: center;\"><a href=\"https:\/\/www.futboltotal.com.mx\/futbol-mexicano\/\"><span style=\"color: #3366ff;\">LEER M\u00c1S: Todas las noticias de futbol mexicano<\/span><\/a><\/p>\n<p>El <em>Profe<\/em> afirm\u00f3 que &#8220;Atlas no es Puebla con todo respeto&#8221; y si en su exequipo\u00a0<strong>Alustiza<\/strong> jugaba pr\u00e1cticamente todos los partidos de principio a fin con los<em> Zorros<\/em>\u00a0no ser\u00e1 as\u00ed.<\/p>\n<p>&#8220;Nadie est\u00e1 por encima de la instituci\u00f3n. Si \u00e9l (Alustiza) all\u00e1 era \u00eddolo y ten\u00eda situaciones a su favor, aqu\u00ed es un jugador m\u00e1s, con mucha calidad&#8221;, dijo el <em>Profe, <\/em>al tiempo que afirm\u00f3: &#8220;Es l\u00f3gico que salga molesto por el cambio, eso habla de un jugador que no quiere salir porque quiere ayudar&#8221;.<\/p>\n<p>El timonel aclar\u00f3 que la molestia de <strong>Alustiza <\/strong>fue al calor del juego y tras el partido, cuando ya estaba m\u00e1s calmado, el delantero &#8220;reconoci\u00f3 que se equivoc\u00f3&#8221;. Asimismo le puso fin al incidente al afirmar: &#8220;Sucedi\u00f3 y termin\u00f3 ah\u00ed, no hagamos esto m\u00e1s grande&#8221;.<\/p>\n<p><span style=\"color: #3366ff;\"><b>S\u00edguenos en Twitter<\/b>:\u00a0<a style=\"color: #3366ff;\" href=\"https:\/\/twitter.com\/MXFutbolTotal\"><span class=\"s2\">@MXFutbolTotal<\/span><\/a><\/span><\/p>\n","protected":false},"excerpt":{"rendered":"<p>El DT del Atlas afirm\u00f3 que el delantero reconoci\u00f3 su error y pidi\u00f3 disculpas a sus compa\u00f1eros. <\/p>\n","protected":false},"author":20,"featured_media":459054,"comment_status":"closed","ping_status":"closed","sticky":false,"template":"","format":"standard","meta":[],"categories":[2198,3845],"tags":[5961,710],"_links":{"self":[{"href":"http:\/\/desarrollo.grupomedios.com\/futbol\/wp-json\/wp\/v2\/posts\/459048"}],"collection":[{"href":"http:\/\/desarrollo.grupomedios.com\/futbol\/wp-json\/wp\/v2\/posts"}],"about":[{"href":"http:\/\/desarrollo.grupomedios.com\/futbol\/wp-json\/wp\/v2\/types\/post"}],"author":[{"embeddable":true,"href":"http:\/\/desarrollo.grupomedios.com\/futbol\/wp-json\/wp\/v2\/users\/20"}],"replies":[{"embeddable":true,"href":"http:\/\/desarrollo.grupomedios.com\/futbol\/wp-json\/wp\/v2\/comments?post=459048"}],"version-history":[{"count":0,"href":"http:\/\/desarrollo.grupomedios.com\/futbol\/wp-json\/wp\/v2\/posts\/459048\/revisions"}],"wp:featuredmedia":[{"embeddable":true,"href":"http:\/\/desarrollo.grupomedios.com\/futbol\/wp-json\/wp\/v2\/media\/459054"}],"wp:attachment":[{"href":"http:\/\/desarrollo.grupomedios.com\/futbol\/wp-json\/wp\/v2\/media?parent=459048"}],"wp:term":[{"taxonomy":"category","embeddable":true,"href":"http:\/\/desarrollo.grupomedios.com\/futbol\/wp-json\/wp\/v2\/categories?post=459048"},{"taxonomy":"post_tag","embeddable":true,"href":"http:\/\/desarrollo.grupomedios.com\/futbol\/wp-json\/wp\/v2\/tags?post=459048"}],"curies":[{"name":"wp","href":"https:\/\/api.w.org\/{rel}","templated":true}]}}