{"id":459053,"date":"2017-02-07T13:42:55","date_gmt":"2017-02-07T19:42:55","guid":{"rendered":"https:\/\/www.futboltotal.com.mx\/?p=459053"},"modified":"2017-02-07T13:42:55","modified_gmt":"2017-02-07T19:42:55","slug":"asi-se-vivio-debutar-en-copa-libertadores-luego-115-anos","status":"publish","type":"post","link":"http:\/\/desarrollo.grupomedios.com\/futbol\/videos\/asi-se-vivio-debutar-en-copa-libertadores-luego-115-anos\/2017\/02","title":{"rendered":"As\u00ed se vivi\u00f3 debutar en Copa Libertadores luego de 115 a\u00f1os"},"content":{"rendered":"<p>Con los cambios realizados en la Copa Libertadores y el aumento de los equipos, hubo uno que sali\u00f3 beneficiado y por fin pudo cumplir su sue\u00f1o.<\/p>\n<p>Tras 115 a\u00f1os de historia, el Atl\u00e9tico Tucum\u00e1n hizo su debut oficial en la <strong>Copa Libertadores<\/strong> y lo hizo contra uno de los gigantes de Sudamerica, el Nacional de Uruguay.<\/p>\n<p>Nuestros amigos de Copa 90 nos cuentan como vivi\u00f3 la afici\u00f3n tucumana el primer partido de <strong>Libertadores<\/strong> en su historia.<\/p>\n<p style=\"text-align: center;\"><span style=\"color: #3366ff;\"><a style=\"color: #3366ff;\" href=\"https:\/\/www.futboltotal.com.mx\/2017\/02\/piojo-herrera-sera-mi-sucesor-cuando-me-retire-la-volpe\/\">LEER M\u00c1S: Piojo Herrera ser\u00e1 mi sucesor cuando me retir\u00e9: La Volpe<\/a><\/span><\/p>\n<p>[video_player]https:\/\/player.vimeo.com\/external\/202954533.hd.mp4?s=12d89b6c462796143da9682edad0d0b6b55b27a7&amp;profile_id=174|wide [\/video_player]<\/p>\n<p style=\"text-align: center;\"><span style=\"color: #3366ff;\"><a style=\"color: #3366ff;\" href=\"https:\/\/copa90.com\/\">Video cortes\u00eda de Copa 90<\/a> | <a style=\"color: #3366ff;\" href=\"https:\/\/twitter.com\/Copa90\">Twitter de Copa 90<\/a> | <a style=\"color: #3366ff;\" href=\"https:\/\/www.facebook.com\/copa90\/\" target=\"_blank\">Facebook<\/a><\/span><\/p>\n","protected":false},"excerpt":{"rendered":"<p>El club argentino debut\u00f3 tras 115 a\u00f1os de historia.<\/p>\n","protected":false},"author":20,"featured_media":459056,"comment_status":"closed","ping_status":"closed","sticky":false,"template":"","format":"standard","meta":[],"categories":[3839,4],"tags":[1396,6214],"_links":{"self":[{"href":"http:\/\/desarrollo.grupomedios.com\/futbol\/wp-json\/wp\/v2\/posts\/459053"}],"collection":[{"href":"http:\/\/desarrollo.grupomedios.com\/futbol\/wp-json\/wp\/v2\/posts"}],"about":[{"href":"http:\/\/desarrollo.grupomedios.com\/futbol\/wp-json\/wp\/v2\/types\/post"}],"author":[{"embeddable":true,"href":"http:\/\/desarrollo.grupomedios.com\/futbol\/wp-json\/wp\/v2\/users\/20"}],"replies":[{"embeddable":true,"href":"http:\/\/desarrollo.grupomedios.com\/futbol\/wp-json\/wp\/v2\/comments?post=459053"}],"version-history":[{"count":0,"href":"http:\/\/desarrollo.grupomedios.com\/futbol\/wp-json\/wp\/v2\/posts\/459053\/revisions"}],"wp:featuredmedia":[{"embeddable":true,"href":"http:\/\/desarrollo.grupomedios.com\/futbol\/wp-json\/wp\/v2\/media\/459056"}],"wp:attachment":[{"href":"http:\/\/desarrollo.grupomedios.com\/futbol\/wp-json\/wp\/v2\/media?parent=459053"}],"wp:term":[{"taxonomy":"category","embeddable":true,"href":"http:\/\/desarrollo.grupomedios.com\/futbol\/wp-json\/wp\/v2\/categories?post=459053"},{"taxonomy":"post_tag","embeddable":true,"href":"http:\/\/desarrollo.grupomedios.com\/futbol\/wp-json\/wp\/v2\/tags?post=459053"}],"curies":[{"name":"wp","href":"https:\/\/api.w.org\/{rel}","templated":true}]}}