{"id":459123,"date":"2017-02-07T15:14:14","date_gmt":"2017-02-07T21:14:14","guid":{"rendered":"https:\/\/www.futboltotal.com.mx\/?p=459123"},"modified":"2017-02-07T15:14:14","modified_gmt":"2017-02-07T21:14:14","slug":"carcel-para-badr-harial-amigo-de-cristiano-ronaldo","status":"publish","type":"post","link":"http:\/\/desarrollo.grupomedios.com\/futbol\/no-todo-es-futbol\/carcel-para-badr-harial-amigo-de-cristiano-ronaldo\/2017\/02","title":{"rendered":"C\u00e1rcel para Badr Harial, amigo de Cristiano Ronaldo"},"content":{"rendered":"<p>La Corte Suprema de La Haya conden\u00f3 hoy al luchador marroqu\u00ed de kickboxing, <strong>Badr Hari,<\/strong> a dos a\u00f1os de prisi\u00f3n por varios actos violentos y altercados nocturnos en Amsterdam, aunque solo pasar\u00e1 seis meses entre rejas.<\/p>\n<p>El tribunal conden\u00f3 al deportista por un &#8220;asalto con agravante&#8221; al empresario holand\u00e9s Koen Everink durante una fiesta nocturna en \u00c1msterdam Arena en 2012, as\u00ed como por otro incidente en el club de Jimmy Woo de la misma ciudad, donde el luchador rompi\u00f3 un vaso frente a su v\u00edctima e intent\u00f3 asaltarla con el cristal roto.<\/p>\n<p>Los magistrados consideraron un &#8220;agravante&#8221; que Hari, al que adem\u00e1s de por sus gestas deportivas y extradeportivas se le conoce por ser amigo del futbolista del Real Madrid <strong>Cristiano Ronaldo<\/strong>, abusara &#8220;de su superioridad f\u00edsica&#8221;.<\/p>\n<p>Hari, de 32 a\u00f1os, no estuvo presente en La Haya para escuchar el veredicto de una sentencia con car\u00e1cter definitivo que no puede recurrirse.<\/p>\n<p>Su abogado, Benedicte Ficq, calific\u00f3 la condena de &#8220;inadecuada&#8221; e &#8220;incomprensible&#8221; y se\u00f1al\u00f3 que su cliente est\u00e1 actualmente en Marruecos y se quedar\u00e1 all\u00ed de momento, pero cumplir\u00e1 su sentencia en los Pa\u00edses Bajos.<\/p>\n<p style=\"text-align: center;\"><span style=\"color: #3366ff;\"><a style=\"color: #3366ff;\" href=\"https:\/\/www.futboltotal.com.mx\/2017\/02\/32-momentos-en-la-carrera-de-cristiano-ronaldo\/\" target=\"_blank\"><strong>LEER M\u00c1S: 32 momentos en la carrera de Cristiano Ronaldo<\/strong><\/a><\/span><\/p>\n<p>El deportista ya hab\u00eda sido condenado en octubre de 2015 por los mismos hechos a dos a\u00f1os de prisi\u00f3n, de los cuales estuvo bajo custodia ocho meses y pas\u00f3 el resto en libertad condicional, y a pagar 45.000 euros de indemnizaci\u00f3n por da\u00f1os y perjuicios.<\/p>\n<p>La corte de apelaci\u00f3n que examin\u00f3 su recurso asegur\u00f3 que Hari cometi\u00f3 cr\u00edmenes violentos en diferentes lugares p\u00fablicos de la clubes de \u00c1msterdam cinco veces entre 2011 y 2012, incluyendo un asalto grave y dos intentos de asalto agravados.<\/p>\n<p>&#8220;Casi siempre se trataba de un peque\u00f1o altercado que llev\u00f3 a una fuerte violencia por parte del acusado, que lleg\u00f3 tan inesperadamente que las v\u00edctimas no pudieron defenderse&#8221;, explic\u00f3 el comunicado del tribunal.<\/p>\n<p><strong>S\u00edguenos en Twitter:<\/strong> <a href=\"https:\/\/twitter.com\/MXFutbolTotal\" target=\"_blank\">@MXFutbolTotal<\/a><\/p>\n","protected":false},"excerpt":{"rendered":"<p>Corte sentencia a dos a\u00f1os de prisi\u00f3n al luchador, por altercados en \u00c1msterdam<\/p>\n","protected":false},"author":144,"featured_media":459130,"comment_status":"closed","ping_status":"closed","sticky":false,"template":"","format":"standard","meta":[],"categories":[5419,5418,6411],"tags":[5460,5461],"_links":{"self":[{"href":"http:\/\/desarrollo.grupomedios.com\/futbol\/wp-json\/wp\/v2\/posts\/459123"}],"collection":[{"href":"http:\/\/desarrollo.grupomedios.com\/futbol\/wp-json\/wp\/v2\/posts"}],"about":[{"href":"http:\/\/desarrollo.grupomedios.com\/futbol\/wp-json\/wp\/v2\/types\/post"}],"author":[{"embeddable":true,"href":"http:\/\/desarrollo.grupomedios.com\/futbol\/wp-json\/wp\/v2\/users\/144"}],"replies":[{"embeddable":true,"href":"http:\/\/desarrollo.grupomedios.com\/futbol\/wp-json\/wp\/v2\/comments?post=459123"}],"version-history":[{"count":0,"href":"http:\/\/desarrollo.grupomedios.com\/futbol\/wp-json\/wp\/v2\/posts\/459123\/revisions"}],"wp:featuredmedia":[{"embeddable":true,"href":"http:\/\/desarrollo.grupomedios.com\/futbol\/wp-json\/wp\/v2\/media\/459130"}],"wp:attachment":[{"href":"http:\/\/desarrollo.grupomedios.com\/futbol\/wp-json\/wp\/v2\/media?parent=459123"}],"wp:term":[{"taxonomy":"category","embeddable":true,"href":"http:\/\/desarrollo.grupomedios.com\/futbol\/wp-json\/wp\/v2\/categories?post=459123"},{"taxonomy":"post_tag","embeddable":true,"href":"http:\/\/desarrollo.grupomedios.com\/futbol\/wp-json\/wp\/v2\/tags?post=459123"}],"curies":[{"name":"wp","href":"https:\/\/api.w.org\/{rel}","templated":true}]}}