{"id":459149,"date":"2017-02-07T16:05:17","date_gmt":"2017-02-07T22:05:17","guid":{"rendered":"https:\/\/www.futboltotal.com.mx\/?p=459149"},"modified":"2017-02-07T16:05:17","modified_gmt":"2017-02-07T22:05:17","slug":"carlos-salcedo-no-jugo-humillante-derrota-fiorentina","status":"publish","type":"post","link":"http:\/\/desarrollo.grupomedios.com\/futbol\/futbol-internacional\/carlos-salcedo-no-jugo-humillante-derrota-fiorentina\/2017\/02","title":{"rendered":"Carlos Salcedo no jug\u00f3 en la humillante derrota de la Fiorentina"},"content":{"rendered":"<p>El Roma gole\u00f3 4-0 este martes al Fiorentina en el duelo que cerraba la vig\u00e9sima tercera jornada de la Serie A italiana (Primera Divisi\u00f3n), cuando faltan nueve d\u00edas para el choque de Liga Europa contra el Villarreal. El mexicano Carlos Salcedo volvi\u00f3 a quedarse en la banca en la derrota de su equipo.<\/p>\n<p>El bosnio Edin Dzeko, que marc\u00f3 un doblete, el argentino Federico Fazio y el belga Radja Nainggolan anotaron las dianas de unos romanos que se colocaron segundos en la tabla, con 50 puntos, a cuatro de distancia del l\u00edder Juventus Tur\u00edn.<\/p>\n<p>Dzeko, de 29 a\u00f1os, se convirti\u00f3 esta noche en el m\u00e1ximo goleador de la Serie A, con 17 tantos, uno m\u00e1s que el belga del N\u00e1poles Dries Mertens.<\/p>\n<p style=\"text-align: center;\"><span style=\"color: #3366ff;\"><a style=\"color: #3366ff;\" href=\"https:\/\/www.futboltotal.com.mx\/2017\/02\/pumas-cruz-azul-se-volveran-a-enfrentar-en-marzo\/\" target=\"_blank\">LEER M\u00c1S: Pumas y Cruz Azul se volver\u00e1n a enfrentar en Marzo<\/a><\/span><\/p>\n<p>Tras una primera media hora igualada, el Roma logr\u00f3 tomar el mando del juego y se adelant\u00f3 antes del descanso por medio de Dzeko, que control\u00f3 un buen pase al hueco de Daniele De Rossi y defini\u00f3 con la pierna derecha desde dentro del \u00e1rea de penalti (m.39).<\/p>\n<p>En la reanudaci\u00f3n, los &#8220;giallorossi&#8221; siguieron apretando en busca de la doble ventaja y sus esfuerzos tuvieron premio en el 55, cuando el exdefensa del Sevilla Federico Fazio firm\u00f3 con un cabezazo su primer gol del a\u00f1o.<\/p>\n<p>Los toscanos trataron de recortar distancias pero terminaron dejando demasiados espacios al contragolpe al Roma, que lo aprovech\u00f3 para golear en la fase final.<\/p>\n<p>El belga Radja Nainggolan culmin\u00f3 una transici\u00f3n ofensiva rematando una asistencia de Dzeko mientras que el propio delantero bosnio cerr\u00f3 definitivamente el duelo tras un grave error defensivo de Davide Astori.<\/p>\n<p>As\u00ed, el Roma reaccion\u00f3 tras la \u00faltima derrota contra el Sampdoria y recuper\u00f3 entusiasmo para los pr\u00f3ximos, decisivos, partidos de la temporada.<\/p>\n<p>S\u00edguenos en Twitter:<a href=\"https:\/\/twitter.com\/MXFutbolTotal\" target=\"_blank\"> @MXFutbolTotal<\/a><\/p>\n","protected":false},"excerpt":{"rendered":"<p>El defensor nacional no vio acci\u00f3n en la derrota de su escuadra. <\/p>\n","protected":false},"author":144,"featured_media":459152,"comment_status":"closed","ping_status":"closed","sticky":false,"template":"","format":"standard","meta":[],"categories":[3839,3848,6718],"tags":[5531,1053,320],"_links":{"self":[{"href":"http:\/\/desarrollo.grupomedios.com\/futbol\/wp-json\/wp\/v2\/posts\/459149"}],"collection":[{"href":"http:\/\/desarrollo.grupomedios.com\/futbol\/wp-json\/wp\/v2\/posts"}],"about":[{"href":"http:\/\/desarrollo.grupomedios.com\/futbol\/wp-json\/wp\/v2\/types\/post"}],"author":[{"embeddable":true,"href":"http:\/\/desarrollo.grupomedios.com\/futbol\/wp-json\/wp\/v2\/users\/144"}],"replies":[{"embeddable":true,"href":"http:\/\/desarrollo.grupomedios.com\/futbol\/wp-json\/wp\/v2\/comments?post=459149"}],"version-history":[{"count":0,"href":"http:\/\/desarrollo.grupomedios.com\/futbol\/wp-json\/wp\/v2\/posts\/459149\/revisions"}],"wp:featuredmedia":[{"embeddable":true,"href":"http:\/\/desarrollo.grupomedios.com\/futbol\/wp-json\/wp\/v2\/media\/459152"}],"wp:attachment":[{"href":"http:\/\/desarrollo.grupomedios.com\/futbol\/wp-json\/wp\/v2\/media?parent=459149"}],"wp:term":[{"taxonomy":"category","embeddable":true,"href":"http:\/\/desarrollo.grupomedios.com\/futbol\/wp-json\/wp\/v2\/categories?post=459149"},{"taxonomy":"post_tag","embeddable":true,"href":"http:\/\/desarrollo.grupomedios.com\/futbol\/wp-json\/wp\/v2\/tags?post=459149"}],"curies":[{"name":"wp","href":"https:\/\/api.w.org\/{rel}","templated":true}]}}