{"id":459164,"date":"2017-02-07T17:26:11","date_gmt":"2017-02-07T23:26:11","guid":{"rendered":"https:\/\/www.futboltotal.com.mx\/?p=459164"},"modified":"2017-02-07T17:34:54","modified_gmt":"2017-02-07T23:34:54","slug":"philipp-lahm-se-retiraria-al-final-la-temporada","status":"publish","type":"post","link":"http:\/\/desarrollo.grupomedios.com\/futbol\/futbol-internacional\/philipp-lahm-se-retiraria-al-final-la-temporada\/2017\/02","title":{"rendered":"Philipp Lahm confirma su retirada"},"content":{"rendered":"<p>El lateral alem\u00e1n <strong>Philipp Lahm<\/strong> vive sus \u00faltimos partidos en el Bayern M\u00fanich. Pese a que aun tiene tres a\u00f1os de contrato con el cuadro b\u00e1varo y, por supuesto, tiene calidad para seguir un par de temporadas m\u00e1s jugando con buen nivel en las grandes ligas, al final de esta temporada pondr\u00e1n fin de su carrera profesional.<\/p>\n<p>El propio jugador confirm\u00f3 la noticia, al t\u00e9rmino del partido de octavos de final de la Copa de Alemania entre los b\u00e1varos y el Wolfsburgo, que concluy\u00f3 con victoria 1-0 para el Bayern.<\/p>\n<p>Previamente, la prensa alemana revel\u00f3 este martes que el capit\u00e1n del cuadro b\u00e1varo, de 33 a\u00f1os, dejar\u00e1 las canchas tras 15 a\u00f1os -12 de ellos ha jugado con el cuadro muniqu\u00e9s- y tras desestimar acabar sus d\u00edas en una alguna liga de menor calibre como la MLS o la medi\u00e1tica Superliga China.<\/p>\n<p style=\"text-align: center;\"><span style=\"color: #3366ff;\">LEER M\u00c1S: Todas las noticias de futbol internacional<\/span><\/p>\n<p>&#8220;<strong>Lahm<\/strong> lo ha pensado y este curso ser\u00e1 el \u00faltimo que juegue profesionalmente. Quiere retirarse vistiendo la camiseta roja que lo vio nacer profesionalmente y en el equipo donde es un referente&#8221;, publica el diario <em>Bild.\u00a0<\/em><\/p>\n<p>De acuerdo con esos medios, <strong>Lahm<\/strong>, quien el s\u00e1bado pasado disput\u00f3 su partido 500 con los b\u00e1varos, tambi\u00e9n rechaz\u00f3 la oferta de su club para mantenerse en esa posici\u00f3n y ha comunicado ya su decisi\u00f3n tanto al jefe de la junta directiva, Karl-Heinz Rummenigge, como a su presidente, Uli Hoeness.<\/p>\n<p>Hace tres a\u00f1os, <strong>Lahm\u00a0<\/strong>finaliz\u00f3 su etapa en la selecci\u00f3n alemana, en la que junto a Miroslav Klose, Lucas Podolski y Bastian Schweinsteiger form\u00f3 parte del grupo de los Centuriones, alcanzando los 112 partidos internacionales y logrando la conquista de la Copa del Mundo de Brasil 2014.<\/p>\n<p><strong>Lahm<\/strong>\u00a0ha ganado 20 de los 22 t\u00edtulos que atesora en la vitrina con los b\u00e1varos. Sin duda, un aut\u00e9ntico <em>crack<\/em>\u00a0que conmover\u00e1 al gremio balomp\u00e9dico el d\u00eda que decida partir.<\/p>\n<p>&nbsp;<\/p>\n","protected":false},"excerpt":{"rendered":"<p>El capit\u00e1n del Bayern M\u00fanich dejar\u00e1 las canchas tras 15 a\u00f1os como profesional. <\/p>\n","protected":false},"author":20,"featured_media":459174,"comment_status":"closed","ping_status":"closed","sticky":false,"template":"","format":"standard","meta":[],"categories":[3839,6822],"tags":[2056,3757],"_links":{"self":[{"href":"http:\/\/desarrollo.grupomedios.com\/futbol\/wp-json\/wp\/v2\/posts\/459164"}],"collection":[{"href":"http:\/\/desarrollo.grupomedios.com\/futbol\/wp-json\/wp\/v2\/posts"}],"about":[{"href":"http:\/\/desarrollo.grupomedios.com\/futbol\/wp-json\/wp\/v2\/types\/post"}],"author":[{"embeddable":true,"href":"http:\/\/desarrollo.grupomedios.com\/futbol\/wp-json\/wp\/v2\/users\/20"}],"replies":[{"embeddable":true,"href":"http:\/\/desarrollo.grupomedios.com\/futbol\/wp-json\/wp\/v2\/comments?post=459164"}],"version-history":[{"count":0,"href":"http:\/\/desarrollo.grupomedios.com\/futbol\/wp-json\/wp\/v2\/posts\/459164\/revisions"}],"wp:featuredmedia":[{"embeddable":true,"href":"http:\/\/desarrollo.grupomedios.com\/futbol\/wp-json\/wp\/v2\/media\/459174"}],"wp:attachment":[{"href":"http:\/\/desarrollo.grupomedios.com\/futbol\/wp-json\/wp\/v2\/media?parent=459164"}],"wp:term":[{"taxonomy":"category","embeddable":true,"href":"http:\/\/desarrollo.grupomedios.com\/futbol\/wp-json\/wp\/v2\/categories?post=459164"},{"taxonomy":"post_tag","embeddable":true,"href":"http:\/\/desarrollo.grupomedios.com\/futbol\/wp-json\/wp\/v2\/tags?post=459164"}],"curies":[{"name":"wp","href":"https:\/\/api.w.org\/{rel}","templated":true}]}}