{"id":459203,"date":"2017-02-07T19:16:21","date_gmt":"2017-02-08T01:16:21","guid":{"rendered":"https:\/\/www.futboltotal.com.mx\/?p=459203"},"modified":"2017-02-07T19:16:21","modified_gmt":"2017-02-08T01:16:21","slug":"ano-importante-mi-carrera-alfredo-talavera","status":"publish","type":"post","link":"http:\/\/desarrollo.grupomedios.com\/futbol\/destacado-home\/ano-importante-mi-carrera-alfredo-talavera\/2017\/02","title":{"rendered":"Es el a\u00f1o m\u00e1s importante de mi carrera: Alfredo Talavera"},"content":{"rendered":"<p>En conferencia de prensa previo al partido frente a Islandia, del pr\u00f3ximo mi\u00e9rcoles 8 de febrero, <strong>Alfredo Talavera<\/strong> y Juan Carlos Osorio, dieron su opini\u00f3n sobre el rival en cuesti\u00f3n y sobre el a\u00f1o que le espera a la <a href=\"http:\/\/futboltotal.com.mx\/futbol-mexicano\/seleccion-mexicana\/\" target=\"_blank\">Selecci\u00f3n Mexicana<\/a>.<\/p>\n<p>\u201cEl simple hecho de estar en la Selecci\u00f3n es un motivo de orgullo. Este es el a\u00f1o m\u00e1s importante de mi carrera, la competencia es muy sana, hay varios porteros que buscan la posibilidad de jugar. Espero que as\u00ed siga\u201d, indic\u00f3 <strong>Alfredo Talavera<\/strong>, quien se perfila como el guardameta titular, debido a la lesi\u00f3n de Jes\u00fas Corona, que lo oblig\u00f3 a ser baja de la concentraci\u00f3n del <em>Tri.<\/em><\/p>\n<p>Por su parte, el director t\u00e9cnico de la Selecci\u00f3n Mexicana, adelant\u00f3 que podr\u00eda jugar con una l\u00ednea de cinco defensores ante Islandia, pues quiere probar a laterales que tengan amplia profundidad.<\/p>\n<p style=\"text-align: center;\"><span style=\"color: #3366ff;\"><a style=\"color: #3366ff;\" href=\"https:\/\/www.futboltotal.com.mx\/2017\/02\/jesus-corona-causa-baja-la-seleccion-mexicana\/\" target=\"_blank\"><strong>LEER M\u00c1S: Corona dejar\u00e1 la concentraci\u00f3n del Tri<\/strong><\/a><\/span><\/p>\n<p>\u201cQueremos usar el partido de ma\u00f1ana para jugar con volantes laterales. Queremos darnos esa gran oportunidad para evaluar. Vamos a enfrentar a un equipo atl\u00e9tico, con un futbol directo muy eficiente. Ser\u00e1 una buena prueba para nuestros jugadores\u201d, apunt\u00f3 el estratega.<\/p>\n<blockquote class=\"twitter-tweet\" data-lang=\"es\">\n<p dir=\"ltr\" lang=\"es\">&#8220;Es un motivo de orgullo tener a Rafael M\u00e1rquez. Veinte a\u00f1os jugando con su Selecci\u00f3n es realmente un privilegio&#8221;: Osorio <a href=\"https:\/\/twitter.com\/hashtag\/Pasi%C3%B3nyOrgullo?src=hash\">#Pasi\u00f3nyOrgullo<\/a><\/p>\n<p>\u2014 Selecci\u00f3n Nacional (@miseleccionmx) <a href=\"https:\/\/twitter.com\/miseleccionmx\/status\/829130839074172929\">8 de febrero de 2017<\/a><\/p><\/blockquote>\n<p><script async src=\"\/\/platform.twitter.com\/widgets.js\" charset=\"utf-8\"><\/script><\/p>\n<p><strong>S\u00edguenos en Twitter:<\/strong> <a href=\"https:\/\/twitter.com\/MXFutbolTotal\" target=\"_blank\">@MXFutbolTotal<\/a><\/p>\n","protected":false},"excerpt":{"rendered":"<p>El cancerbero quiere quedarse con el puesto titular del Tricolor.<\/p>\n","protected":false},"author":20,"featured_media":459204,"comment_status":"closed","ping_status":"closed","sticky":false,"template":"","format":"standard","meta":[],"categories":[5,2198,3847],"tags":[1617,6196,142],"_links":{"self":[{"href":"http:\/\/desarrollo.grupomedios.com\/futbol\/wp-json\/wp\/v2\/posts\/459203"}],"collection":[{"href":"http:\/\/desarrollo.grupomedios.com\/futbol\/wp-json\/wp\/v2\/posts"}],"about":[{"href":"http:\/\/desarrollo.grupomedios.com\/futbol\/wp-json\/wp\/v2\/types\/post"}],"author":[{"embeddable":true,"href":"http:\/\/desarrollo.grupomedios.com\/futbol\/wp-json\/wp\/v2\/users\/20"}],"replies":[{"embeddable":true,"href":"http:\/\/desarrollo.grupomedios.com\/futbol\/wp-json\/wp\/v2\/comments?post=459203"}],"version-history":[{"count":0,"href":"http:\/\/desarrollo.grupomedios.com\/futbol\/wp-json\/wp\/v2\/posts\/459203\/revisions"}],"wp:featuredmedia":[{"embeddable":true,"href":"http:\/\/desarrollo.grupomedios.com\/futbol\/wp-json\/wp\/v2\/media\/459204"}],"wp:attachment":[{"href":"http:\/\/desarrollo.grupomedios.com\/futbol\/wp-json\/wp\/v2\/media?parent=459203"}],"wp:term":[{"taxonomy":"category","embeddable":true,"href":"http:\/\/desarrollo.grupomedios.com\/futbol\/wp-json\/wp\/v2\/categories?post=459203"},{"taxonomy":"post_tag","embeddable":true,"href":"http:\/\/desarrollo.grupomedios.com\/futbol\/wp-json\/wp\/v2\/tags?post=459203"}],"curies":[{"name":"wp","href":"https:\/\/api.w.org\/{rel}","templated":true}]}}