{"id":459305,"date":"2017-02-07T22:27:32","date_gmt":"2017-02-08T04:27:32","guid":{"rendered":"https:\/\/www.futboltotal.com.mx\/?p=459305"},"modified":"2017-02-07T22:33:54","modified_gmt":"2017-02-08T04:33:54","slug":"festejo-moises-munoz-tras-vencer-al-america","status":"publish","type":"post","link":"http:\/\/desarrollo.grupomedios.com\/futbol\/videos\/festejo-moises-munoz-tras-vencer-al-america\/2017\/02","title":{"rendered":"El festejo de Mois\u00e9s Mu\u00f1oz tras vencer al Am\u00e9rica"},"content":{"rendered":"<p>El portero de <a href=\"http:\/\/futboltotal.com.mx\/equipos\/chiapas\/\" target=\"_blank\">Chiapas<\/a>, <strong>Mois\u00e9s Mu\u00f1oz<\/strong>, tuvo una gran actuaci\u00f3n ante su ex equipo, el <strong>Am\u00e9rica<\/strong>, al evitar el gol en contra durante el juego pendiente de la jornada 1, lo que sirvi\u00f3 para que su equipo ganara el encuentro y sumara tres puntos valiosos rumbo a la salvaci\u00f3n.<\/p>\n<p><strong>Mois\u00e9s Mu\u00f1oz<\/strong> festej\u00f3 con euforia los dos goles de su equipo, adem\u00e1s de festejar la victoria en cuanto el \u00e1rbitro pit\u00f3 el final del cotejo entre <strong>Chiapas<\/strong> y <strong>Am\u00e9rica<\/strong>. El cancerbero fue elogiado por la afici\u00f3n que se dio cita en el V\u00edctor Manuel Reyna, pues tanto <em>Jaguares<\/em> como <em>azulcrema<\/em>, le aplaudieron.<\/p>\n<p style=\"text-align: center;\"><span style=\"color: #3366ff;\"><a style=\"color: #3366ff;\" href=\"https:\/\/www.futboltotal.com.mx\/2017\/02\/resultados-liga-mx-chiapas-2-0-america\/\" target=\"_blank\"><strong>LEER M\u00c1S: El Jaguar devora al \u00c1guila<\/strong><\/a><\/span><\/p>\n<blockquote class=\"twitter-video\" data-lang=\"es\">\n<p dir=\"ltr\" lang=\"es\">El ex portero del Am\u00e9rica Mois\u00e9s Mu\u00f1oz celebra la victoria de Chiapas 2-0 ante su ex equipo el Am\u00e9rica. <a href=\"https:\/\/t.co\/iPyi29i74F\">pic.twitter.com\/iPyi29i74F<\/a><\/p>\n<p>\u2014 HUMBERTO BARRERA (@coatepec2010) <a href=\"https:\/\/twitter.com\/coatepec2010\/status\/829176457167376384\">8 de febrero de 2017<\/a><\/p><\/blockquote>\n<p><script async src=\"\/\/platform.twitter.com\/widgets.js\" charset=\"utf-8\"><\/script><\/p>\n<blockquote class=\"twitter-video\" data-lang=\"es\">\n<p dir=\"ltr\" lang=\"es\">Jugadores de <a href=\"https:\/\/twitter.com\/Chiapas_FC\">@Chiapas_FC<\/a> fueron abrazar <a href=\"https:\/\/twitter.com\/MoyMu23\">@MoyMu23<\/a> tras el gol y el meta chiapaneco si festejo el gol. <a href=\"https:\/\/twitter.com\/LosCampamentos\">@LosCampamentos<\/a> <a href=\"https:\/\/t.co\/EmBu3sBesR\">pic.twitter.com\/EmBu3sBesR<\/a><\/p>\n<p>\u2014 Luis Javier Salazar (@Luisjasalazar1) <a href=\"https:\/\/twitter.com\/Luisjasalazar1\/status\/829169367137017856\">8 de febrero de 2017<\/a><\/p><\/blockquote>\n<p><script async src=\"\/\/platform.twitter.com\/widgets.js\" charset=\"utf-8\"><\/script><\/p>\n<p style=\"text-align: center;\"><span style=\"color: #3366ff;\"><a style=\"color: #3366ff;\" href=\"https:\/\/www.futboltotal.com.mx\/2017\/02\/en-vivo-chiapas-vs-america-clausura-2017\/\" target=\"_blank\"><strong>LEER M\u00c1S: Revive los goles de la victoria Felina<\/strong><\/a><\/span><\/p>\n<p><strong>S\u00edguenos en Twitter:<\/strong> <a href=\"https:\/\/twitter.com\/MXFutbolTotal\" target=\"_blank\">@MXFutbolTotal<\/a><\/p>\n","protected":false},"excerpt":{"rendered":"<p>\u00a1El cancerbero fue factor para que Jaguares se impusiera ante su ex!<\/p>\n","protected":false},"author":20,"featured_media":459306,"comment_status":"closed","ping_status":"closed","sticky":false,"template":"","format":"standard","meta":[],"categories":[5,2198,3845,4,6433],"tags":[5959,5964,635],"_links":{"self":[{"href":"http:\/\/desarrollo.grupomedios.com\/futbol\/wp-json\/wp\/v2\/posts\/459305"}],"collection":[{"href":"http:\/\/desarrollo.grupomedios.com\/futbol\/wp-json\/wp\/v2\/posts"}],"about":[{"href":"http:\/\/desarrollo.grupomedios.com\/futbol\/wp-json\/wp\/v2\/types\/post"}],"author":[{"embeddable":true,"href":"http:\/\/desarrollo.grupomedios.com\/futbol\/wp-json\/wp\/v2\/users\/20"}],"replies":[{"embeddable":true,"href":"http:\/\/desarrollo.grupomedios.com\/futbol\/wp-json\/wp\/v2\/comments?post=459305"}],"version-history":[{"count":0,"href":"http:\/\/desarrollo.grupomedios.com\/futbol\/wp-json\/wp\/v2\/posts\/459305\/revisions"}],"wp:featuredmedia":[{"embeddable":true,"href":"http:\/\/desarrollo.grupomedios.com\/futbol\/wp-json\/wp\/v2\/media\/459306"}],"wp:attachment":[{"href":"http:\/\/desarrollo.grupomedios.com\/futbol\/wp-json\/wp\/v2\/media?parent=459305"}],"wp:term":[{"taxonomy":"category","embeddable":true,"href":"http:\/\/desarrollo.grupomedios.com\/futbol\/wp-json\/wp\/v2\/categories?post=459305"},{"taxonomy":"post_tag","embeddable":true,"href":"http:\/\/desarrollo.grupomedios.com\/futbol\/wp-json\/wp\/v2\/tags?post=459305"}],"curies":[{"name":"wp","href":"https:\/\/api.w.org\/{rel}","templated":true}]}}