{"id":459345,"date":"2017-02-08T16:35:35","date_gmt":"2017-02-08T22:35:35","guid":{"rendered":"https:\/\/www.futboltotal.com.mx\/?p=459345"},"modified":"2017-02-08T16:37:34","modified_gmt":"2017-02-08T22:37:34","slug":"keylor-navas-tiro-balonazo-intencional-a-reportero","status":"publish","type":"post","link":"http:\/\/desarrollo.grupomedios.com\/futbol\/videos\/keylor-navas-tiro-balonazo-intencional-a-reportero\/2017\/02","title":{"rendered":"Keylor Navas tir\u00f3 un balonazo intencional a un reportero"},"content":{"rendered":"<p><strong>Keylor Navas<\/strong>, portero del <strong>Real Madrid<\/strong>, protagoniz\u00f3 un pol\u00e9mico incidente durante la platica matinal de este mi\u00e9rcoles en Valdebebas, en el que agredi\u00f3 intencionalmente a un reportero de la <em>BBC.<\/em><\/p>\n<p>Desde una de las gradas del recinto, el periodista Simon Maybin comenz\u00f3 a grabar uno de los rondos de los <em>merengues <\/em>e\u00a0instantes despu\u00e9s recibi\u00f3 un balonazo del arquero costarricense, quien lo hizo deliberadamente pues no se disculp\u00f3.<\/p>\n<p>&#8220;Est\u00e1bamos filmando desde el entrenamiento del Real Madrid hasta que el Keylor Navas vio a nuestro reportero y apunt\u00f3, \u00e9l estaba indefenso en la grabaci\u00f3n de este video&#8221;, se lee en el clip que circula en redes sociales.<\/p>\n<p style=\"text-align: center;\"><span style=\"color: #3366ff;\">LEER M\u00c1S: Todas las noticias de futbol internacional<\/span><\/p>\n<p><iframe loading=\"lazy\" src=\"https:\/\/www.youtube.com\/embed\/OjF9xw6M3RI\" frameborder=\"0\" allowfullscreen=\"allowfullscreen\"><\/iframe>. Al<\/p>\n<p>&nbsp;<\/p>\n","protected":false},"excerpt":{"rendered":"<p>El arquero del Real Madrid golpe\u00f3 a un periodista durante el entrenamiento del Real Madrid.<\/p>\n","protected":false},"author":20,"featured_media":459402,"comment_status":"closed","ping_status":"closed","sticky":false,"template":"","format":"standard","meta":[],"categories":[3839,4],"tags":[5590],"_links":{"self":[{"href":"http:\/\/desarrollo.grupomedios.com\/futbol\/wp-json\/wp\/v2\/posts\/459345"}],"collection":[{"href":"http:\/\/desarrollo.grupomedios.com\/futbol\/wp-json\/wp\/v2\/posts"}],"about":[{"href":"http:\/\/desarrollo.grupomedios.com\/futbol\/wp-json\/wp\/v2\/types\/post"}],"author":[{"embeddable":true,"href":"http:\/\/desarrollo.grupomedios.com\/futbol\/wp-json\/wp\/v2\/users\/20"}],"replies":[{"embeddable":true,"href":"http:\/\/desarrollo.grupomedios.com\/futbol\/wp-json\/wp\/v2\/comments?post=459345"}],"version-history":[{"count":0,"href":"http:\/\/desarrollo.grupomedios.com\/futbol\/wp-json\/wp\/v2\/posts\/459345\/revisions"}],"wp:featuredmedia":[{"embeddable":true,"href":"http:\/\/desarrollo.grupomedios.com\/futbol\/wp-json\/wp\/v2\/media\/459402"}],"wp:attachment":[{"href":"http:\/\/desarrollo.grupomedios.com\/futbol\/wp-json\/wp\/v2\/media?parent=459345"}],"wp:term":[{"taxonomy":"category","embeddable":true,"href":"http:\/\/desarrollo.grupomedios.com\/futbol\/wp-json\/wp\/v2\/categories?post=459345"},{"taxonomy":"post_tag","embeddable":true,"href":"http:\/\/desarrollo.grupomedios.com\/futbol\/wp-json\/wp\/v2\/tags?post=459345"}],"curies":[{"name":"wp","href":"https:\/\/api.w.org\/{rel}","templated":true}]}}