{"id":459408,"date":"2017-02-08T17:02:28","date_gmt":"2017-02-08T23:02:28","guid":{"rendered":"https:\/\/www.futboltotal.com.mx\/?p=459408"},"modified":"2017-02-08T17:02:28","modified_gmt":"2017-02-08T23:02:28","slug":"alaves-sorprende-al-celta-se-mete-a-la-final-la-copa-del-rey","status":"publish","type":"post","link":"http:\/\/desarrollo.grupomedios.com\/futbol\/futbol-internacional\/alaves-sorprende-al-celta-se-mete-a-la-final-la-copa-del-rey\/2017\/02","title":{"rendered":"Alav\u00e9s sorprende al Celta y se mete a la Final de la Copa del Rey"},"content":{"rendered":"<p>El Alav\u00e9s se clasific\u00f3 para la primera final de su historia en la Copa del Rey, en la que se enfrentar\u00e1 al Barcelona, tras imponerse este mi\u00e9rcoles al Celta por 1-0 en el partido de vuelta de las semifinales en el estadio de Mendizorroza, gracias a un gol de Edgar M\u00e9ndez en el minuto 82 del encuentro.<\/p>\n<p>https:\/\/twitter.com\/Alaves\/status\/829447879139917824<\/p>\n<p>Edgar, que hab\u00eda entrado cuatro minutos antes por Gaizka Toquero, deshizo la igualdad del partido y de la eliminatoria tras recoger un bal\u00f3n peinado por V\u00edctor Camarasa, superar en su conducci\u00f3n a dos defensas visitantes y sortear la salida de Sergio \u00c1lvarez con un tiro cruzado para clasificar a su equipo para una final diecis\u00e9is a\u00f1os despu\u00e9s de la perdida en la Copa de la UEFA frente al Liverpool en 2001 (5-4). EFE<\/p>\n<p><iframe loading=\"lazy\" src=\"https:\/\/www.youtube.com\/embed\/j2UxwbF-Yx8?feature=oembed\" frameborder=\"0\" allowfullscreen><\/iframe><\/p>\n","protected":false},"excerpt":{"rendered":"<p>Alav\u00e9s se meti\u00f3 por primera vez en su historia a una Final.<\/p>\n","protected":false},"author":144,"featured_media":459409,"comment_status":"closed","ping_status":"closed","sticky":false,"template":"","format":"standard","meta":[],"categories":[3839,5951],"tags":[96],"_links":{"self":[{"href":"http:\/\/desarrollo.grupomedios.com\/futbol\/wp-json\/wp\/v2\/posts\/459408"}],"collection":[{"href":"http:\/\/desarrollo.grupomedios.com\/futbol\/wp-json\/wp\/v2\/posts"}],"about":[{"href":"http:\/\/desarrollo.grupomedios.com\/futbol\/wp-json\/wp\/v2\/types\/post"}],"author":[{"embeddable":true,"href":"http:\/\/desarrollo.grupomedios.com\/futbol\/wp-json\/wp\/v2\/users\/144"}],"replies":[{"embeddable":true,"href":"http:\/\/desarrollo.grupomedios.com\/futbol\/wp-json\/wp\/v2\/comments?post=459408"}],"version-history":[{"count":0,"href":"http:\/\/desarrollo.grupomedios.com\/futbol\/wp-json\/wp\/v2\/posts\/459408\/revisions"}],"wp:featuredmedia":[{"embeddable":true,"href":"http:\/\/desarrollo.grupomedios.com\/futbol\/wp-json\/wp\/v2\/media\/459409"}],"wp:attachment":[{"href":"http:\/\/desarrollo.grupomedios.com\/futbol\/wp-json\/wp\/v2\/media?parent=459408"}],"wp:term":[{"taxonomy":"category","embeddable":true,"href":"http:\/\/desarrollo.grupomedios.com\/futbol\/wp-json\/wp\/v2\/categories?post=459408"},{"taxonomy":"post_tag","embeddable":true,"href":"http:\/\/desarrollo.grupomedios.com\/futbol\/wp-json\/wp\/v2\/tags?post=459408"}],"curies":[{"name":"wp","href":"https:\/\/api.w.org\/{rel}","templated":true}]}}