{"id":459427,"date":"2017-02-08T19:25:33","date_gmt":"2017-02-09T01:25:33","guid":{"rendered":"https:\/\/www.futboltotal.com.mx\/?p=459427"},"modified":"2017-02-08T19:25:33","modified_gmt":"2017-02-09T01:25:33","slug":"moises-munoz-no-solo-quiere-atajar-tambien-desea-anotar-con-chiapas","status":"publish","type":"post","link":"http:\/\/desarrollo.grupomedios.com\/futbol\/futbol-mexicano\/moises-munoz-no-solo-quiere-atajar-tambien-desea-anotar-con-chiapas\/2017\/02","title":{"rendered":"Mois\u00e9s Mu\u00f1oz no solo quiere atajar, tambi\u00e9n desea anotar con Chiapas"},"content":{"rendered":"<p>El portero de Chiapas, <strong>Mois\u00e9s Mu\u00f1oz<\/strong>, se siente motivado con su nuevo equipo, que ya pudo sumar unidades gracias al buen desempe\u00f1o de Moi, quien, no contento con atajar goles, ahora los quiere fabricar, mediante el cobro de tiros libres.<\/p>\n<p>\u201cMe he quedado yo tambi\u00e9n a practicar, me gusta y si en alg\u00fan momento tengo la posibilidad de ir a cobrar un tiro libre, por supuesto que lo har\u00e9, para eso se practica. Pero por el momento el cobrador de los tiros libres es Jonathan Fabbro, que lo hace muy bien\u201d, indic\u00f3 <strong>Mois\u00e9s Mu\u00f1oz<\/strong>, en entrevista con la cadena <em>ESPN<\/em>.<\/p>\n<p>El cancerbero practica los tiros libres desde que estaba en Am\u00e9rica; no obstante, en el conjunto azulcrema la posibilidad era casi nula, debido a la cantidad de jugadores que quer\u00edan la responsabilidad.<\/p>\n<p style=\"text-align: center;\"><span style=\"color: #3366ff;\"><a style=\"color: #3366ff;\" href=\"https:\/\/www.futboltotal.com.mx\/2017\/02\/texcoco-la-sede-nuevo-estadio-cruz-azul\/\" target=\"_blank\"><strong>LEER M\u00c1S: Cruz Azul se mudar\u00eda a Texcoco<\/strong><\/a><\/span><\/p>\n<p>\u201cLo hac\u00eda tambi\u00e9n en Am\u00e9rica, solo que era muy dif\u00edcil quitarle el bal\u00f3n a Michael Arroyo, sabiendo que tiene una capacidad extraordinaria de pegarle al bal\u00f3n. Aparte de \u00e9l estaba Osvaldito, Miguel Samudio, Paolo Goltz. Hab\u00eda much\u00edsimos compa\u00f1eros que estaban antes que yo\u201d, concluy\u00f3.<\/p>\n<p><strong>S\u00edguenos en Twitter:<\/strong> <a href=\"https:\/\/twitter.com\/MXFutbolTotal\" target=\"_blank\">@MXFutbolTotal<\/a><\/p>\n","protected":false},"excerpt":{"rendered":"<p>El cancerbero revela que practica para jugadas a bal\u00f3n parado.<\/p>\n","protected":false},"author":20,"featured_media":459433,"comment_status":"closed","ping_status":"closed","sticky":false,"template":"","format":"standard","meta":[],"categories":[2198,3845],"tags":[5964,635],"_links":{"self":[{"href":"http:\/\/desarrollo.grupomedios.com\/futbol\/wp-json\/wp\/v2\/posts\/459427"}],"collection":[{"href":"http:\/\/desarrollo.grupomedios.com\/futbol\/wp-json\/wp\/v2\/posts"}],"about":[{"href":"http:\/\/desarrollo.grupomedios.com\/futbol\/wp-json\/wp\/v2\/types\/post"}],"author":[{"embeddable":true,"href":"http:\/\/desarrollo.grupomedios.com\/futbol\/wp-json\/wp\/v2\/users\/20"}],"replies":[{"embeddable":true,"href":"http:\/\/desarrollo.grupomedios.com\/futbol\/wp-json\/wp\/v2\/comments?post=459427"}],"version-history":[{"count":0,"href":"http:\/\/desarrollo.grupomedios.com\/futbol\/wp-json\/wp\/v2\/posts\/459427\/revisions"}],"wp:featuredmedia":[{"embeddable":true,"href":"http:\/\/desarrollo.grupomedios.com\/futbol\/wp-json\/wp\/v2\/media\/459433"}],"wp:attachment":[{"href":"http:\/\/desarrollo.grupomedios.com\/futbol\/wp-json\/wp\/v2\/media?parent=459427"}],"wp:term":[{"taxonomy":"category","embeddable":true,"href":"http:\/\/desarrollo.grupomedios.com\/futbol\/wp-json\/wp\/v2\/categories?post=459427"},{"taxonomy":"post_tag","embeddable":true,"href":"http:\/\/desarrollo.grupomedios.com\/futbol\/wp-json\/wp\/v2\/tags?post=459427"}],"curies":[{"name":"wp","href":"https:\/\/api.w.org\/{rel}","templated":true}]}}