{"id":459431,"date":"2017-02-09T14:55:14","date_gmt":"2017-02-09T20:55:14","guid":{"rendered":"https:\/\/www.futboltotal.com.mx\/?p=459431"},"modified":"2017-02-09T16:00:10","modified_gmt":"2017-02-09T22:00:10","slug":"futbol-total-ferrato-te-regalan-kit-vestir-bien","status":"publish","type":"post","link":"http:\/\/desarrollo.grupomedios.com\/futbol\/promociones\/futbol-total-ferrato-te-regalan-kit-vestir-bien\/2017\/02","title":{"rendered":"\u00a1Futbol Total y Ferrato te regalan un kit para vestir bien!"},"content":{"rendered":"<p><strong>Futbol Total<\/strong> y <strong>Ferrato<\/strong> te invitan a participar en una din\u00e1mica para obtener las mejores prendas para vestir en reuniones sociales. El kit consiste en tres camisas, una sudadera y una chamarra talla M, las cuales puedes conseguir cumpliendo los siguientes:<\/p>\n<p>1. Seguir a TODAS las redes sociales de <strong>Futbol Total<\/strong>: Facebook: <a href=\"https:\/\/www.facebook.com\/futboltotalmexico\/\" target=\"_blank\">@futboltotalmexico<\/a>, Twitter: <a href=\"https:\/\/twitter.com\/MXFutbolTotal\" target=\"_blank\">@MXFutbolTotal<\/a> e Instagram:\u00a0<a href=\"https:\/\/www.instagram.com\/revista_futboltotal\/\" target=\"_blank\">@revista_futboltotal<\/a>.<\/p>\n<p>2. Enviarnos\u00a0un screen shot\/impresi\u00f3n de pantalla donde demuestres que siguen las redes sociales de <strong>Futbol Total<\/strong>.<\/p>\n<p>3. Ser mayor de edad.<\/p>\n<p>4. Responder a las siguientes preguntas:<br \/>\na) \u00bfCu\u00e1ntos a\u00f1os cumple el Toluca?<br \/>\nb) \u00bfCu\u00e1ntos campeonatos tienen los Diablos?<br \/>\nc) \u00bfCu\u00e1l es tu pron\u00f3stico para el Toluca vs. Veracruz de la jornada 6?<\/p>\n<p>Los participantes deber\u00e1n enviar todo al correo futboltotal@futboltotal.com.mx o v\u00eda inbox por <em>Facebook<\/em>, a partir de hoy, hasta el d\u00eda del partido entre Toluca y Veracruz de la jornada 6 del Clausura 2016, antes de las 12:00 hrs. El ganador ser\u00e1 contactado para indicarle c\u00f3mo reclamar su premio.<\/p>\n<p><a href=\"https:\/\/www.futboltotal.com.mx\/wp-content\/uploads\/2017\/02\/promocionferrato.jpg\"><img decoding=\"async\" loading=\"lazy\" class=\"size-full wp-image-459617 aligncenter\" src=\"https:\/\/www.futboltotal.com.mx\/wp-content\/uploads\/2017\/02\/promocionferrato.jpg\" alt=\"\u00a1Futbol Total y Ferrato te regalan un kit para vestir bien! 0\" srcset=\"http:\/\/desarrollo.grupomedios.com\/futbol\/wp-content\/uploads\/2017\/02\/promocionferrato.jpg 858w, http:\/\/desarrollo.grupomedios.com\/futbol\/wp-content\/uploads\/2017\/02\/promocionferrato-300x162.jpg 300w, http:\/\/desarrollo.grupomedios.com\/futbol\/wp-content\/uploads\/2017\/02\/promocionferrato-768x414.jpg 768w\" sizes=\"(max-width: 858px) 100vw, 858px\" \/><\/a><\/p>\n","protected":false},"excerpt":{"rendered":"<p>S\u00f3lo necesitas cumplir con la siguiente din\u00e1mica, \u00a1\u00e9xito, crack!<\/p>\n","protected":false},"author":20,"featured_media":459649,"comment_status":"closed","ping_status":"closed","sticky":false,"template":"","format":"standard","meta":[],"categories":[60],"tags":[3126,5975],"_links":{"self":[{"href":"http:\/\/desarrollo.grupomedios.com\/futbol\/wp-json\/wp\/v2\/posts\/459431"}],"collection":[{"href":"http:\/\/desarrollo.grupomedios.com\/futbol\/wp-json\/wp\/v2\/posts"}],"about":[{"href":"http:\/\/desarrollo.grupomedios.com\/futbol\/wp-json\/wp\/v2\/types\/post"}],"author":[{"embeddable":true,"href":"http:\/\/desarrollo.grupomedios.com\/futbol\/wp-json\/wp\/v2\/users\/20"}],"replies":[{"embeddable":true,"href":"http:\/\/desarrollo.grupomedios.com\/futbol\/wp-json\/wp\/v2\/comments?post=459431"}],"version-history":[{"count":0,"href":"http:\/\/desarrollo.grupomedios.com\/futbol\/wp-json\/wp\/v2\/posts\/459431\/revisions"}],"wp:featuredmedia":[{"embeddable":true,"href":"http:\/\/desarrollo.grupomedios.com\/futbol\/wp-json\/wp\/v2\/media\/459649"}],"wp:attachment":[{"href":"http:\/\/desarrollo.grupomedios.com\/futbol\/wp-json\/wp\/v2\/media?parent=459431"}],"wp:term":[{"taxonomy":"category","embeddable":true,"href":"http:\/\/desarrollo.grupomedios.com\/futbol\/wp-json\/wp\/v2\/categories?post=459431"},{"taxonomy":"post_tag","embeddable":true,"href":"http:\/\/desarrollo.grupomedios.com\/futbol\/wp-json\/wp\/v2\/tags?post=459431"}],"curies":[{"name":"wp","href":"https:\/\/api.w.org\/{rel}","templated":true}]}}