{"id":459523,"date":"2017-02-09T09:21:25","date_gmt":"2017-02-09T15:21:25","guid":{"rendered":"https:\/\/www.futboltotal.com.mx\/?p=459523"},"modified":"2017-02-09T13:55:22","modified_gmt":"2017-02-09T19:55:22","slug":"raul-gonzalez-senala-la-regla-108-buena-los-jovenes","status":"publish","type":"post","link":"http:\/\/desarrollo.grupomedios.com\/futbol\/destacado-home\/raul-gonzalez-senala-la-regla-108-buena-los-jovenes\/2017\/02","title":{"rendered":"Ra\u00fal Gonz\u00e1lez se\u00f1ala que la regla 10\/8 no es buena para los j\u00f3venes"},"content":{"rendered":"<p>El espa\u00f1ol <strong>Ra\u00fal Gonz\u00e1lez Blanco<\/strong>, m\u00edtico exdelantero del Real Madrid dijo que sabe poco de la regla 10\/8, vigente en el futbol mexicano desde 2016, pero entiende que al permitir hasta el uso de 10 no nacidos por partido en cada club atenta contra las categor\u00edas juveniles, mismas que han tenido \u00e9xito reciente en los Mundiales Sub 17 de 2005 y 2011.<\/p>\n<p style=\"text-align: center;\"><a href=\"https:\/\/www.futboltotal.com.mx\/2017\/02\/mexico-competir-en-dos-torneos-juan-carlos-osorio\/\"><span style=\"color: #3366ff;\">LEER M\u00c1S: \u201cM\u00e9xico tiene para competir en dos torneos\u201d: Juan Carlos Osorio<\/span><\/a><\/p>\n<p>En entrevista para el programa televisivo <em>Futbol Picante<\/em>, el espa\u00f1ol que era el m\u00e1ximo goleador en la historia del Real Madrid hasta la irrupci\u00f3n de Cristiano Ronaldo, precis\u00f3: &#8220;Habr\u00e1 responsables que tomaron esas decisiones. Para la gente joven no son las mejores normas, pero el futbol mexicano ha tenido mucho \u00e9xito \u00faltimamente en categor\u00edas inferiores, hay jugadores de nivel en Europa y veremos si funciona ese formato\u201d.<\/p>\n<p>En su charla, el exseleccionado ib\u00e9rico tambi\u00e9n comparti\u00f3 lo que sabe del futbol mexicano:\u00a0 \u201cS\u00e9 que <em>Paco<\/em> J\u00e9mez est\u00e1 con Cruz Azul, aunque no con muy buenos resultados, que el Chivas-Am\u00e9rica es el Cl\u00e1sico, que Tijuana est\u00e1 en primero, que son dos fases, que hay <em>playoffs<\/em> y hay opciones de que haya diferentes campeones en un a\u00f1o. S\u00e9 que en Estados Unidos se juega una Final entre campeones&#8221;.<\/p>\n<p><strong>Ra\u00fal Gonz\u00e1lez<\/strong> tambi\u00e9n extern\u00f3 su desacuerdo en que el Mundial de 2026 se dispute con 48 selecciones: \u201cVi\u00e9ndolo desde fuera, me parecen demasiados equipos y creo que la FIFA tiene gente y jugadores que est\u00e1n dentro y ver\u00e1n lo que puede ser mejor&#8221;. Tambi\u00e9n recalc\u00f3 que las Copas del Mundo son vistas en todo el orbe, por ello &#8220;hay que darle mucha m\u00e1s calidad\u201d.<\/p>\n<p style=\"text-align: center;\"><a href=\"https:\/\/www.futboltotal.com.mx\/2017\/02\/giovani-dos-santos-presenta-playera-del-galaxy\/\"><span style=\"color: #3366ff;\">LEER M\u00c1S: Giovani Dos Santos presenta playera del Galaxy<\/span><\/a><\/p>\n<p>Finalmente, el campe\u00f3n de tres <em>Champions League<\/em> con el Real Madrid asegur\u00f3 que Catar \u2013pa\u00eds en el que jug\u00f3\u2013 organizar\u00e1 un Mundial muy pr\u00e1ctico a nivel organizacional debido a la cercan\u00eda que hay en cada una de las ciudades sede, en comparaci\u00f3n a lo experimentado en Brasil 2014: \u201cPara los aficionados, quien tenga entradas, tendr\u00e1 la oportunidad de ver mucho futbol porque el \u00faltimo Mundial pr\u00e1cticamente era imposible por las largas distancias\u201d.<\/p>\n<p><b>S\u00edguenos en <span id=\"m_2669190640070640392goog_2054972132\"><\/span>Twitter <a href=\"https:\/\/twitter.com\/MXFutbolTotal\" target=\"_blank\" data-saferedirecturl=\"https:\/\/www.google.com\/url?hl=es&amp;q=https:\/\/twitter.com\/MXFutbolTotal&amp;source=gmail&amp;ust=1486739048389000&amp;usg=AFQjCNGktrN0gJluUrjBXc7tsi3WXkHdUA\">@MXFutbolTotal<\/a><\/b><\/p>\n","protected":false},"excerpt":{"rendered":"<p>El espa\u00f1ol se extern\u00f3 en contra del Mundial con 48 selecciones.<\/p>\n","protected":false},"author":20,"featured_media":459525,"comment_status":"closed","ping_status":"closed","sticky":false,"template":"","format":"standard","meta":[],"categories":[3841,5,3839,2198,3844,3845],"tags":[65,2492,5988],"_links":{"self":[{"href":"http:\/\/desarrollo.grupomedios.com\/futbol\/wp-json\/wp\/v2\/posts\/459523"}],"collection":[{"href":"http:\/\/desarrollo.grupomedios.com\/futbol\/wp-json\/wp\/v2\/posts"}],"about":[{"href":"http:\/\/desarrollo.grupomedios.com\/futbol\/wp-json\/wp\/v2\/types\/post"}],"author":[{"embeddable":true,"href":"http:\/\/desarrollo.grupomedios.com\/futbol\/wp-json\/wp\/v2\/users\/20"}],"replies":[{"embeddable":true,"href":"http:\/\/desarrollo.grupomedios.com\/futbol\/wp-json\/wp\/v2\/comments?post=459523"}],"version-history":[{"count":0,"href":"http:\/\/desarrollo.grupomedios.com\/futbol\/wp-json\/wp\/v2\/posts\/459523\/revisions"}],"wp:featuredmedia":[{"embeddable":true,"href":"http:\/\/desarrollo.grupomedios.com\/futbol\/wp-json\/wp\/v2\/media\/459525"}],"wp:attachment":[{"href":"http:\/\/desarrollo.grupomedios.com\/futbol\/wp-json\/wp\/v2\/media?parent=459523"}],"wp:term":[{"taxonomy":"category","embeddable":true,"href":"http:\/\/desarrollo.grupomedios.com\/futbol\/wp-json\/wp\/v2\/categories?post=459523"},{"taxonomy":"post_tag","embeddable":true,"href":"http:\/\/desarrollo.grupomedios.com\/futbol\/wp-json\/wp\/v2\/tags?post=459523"}],"curies":[{"name":"wp","href":"https:\/\/api.w.org\/{rel}","templated":true}]}}