{"id":459570,"date":"2017-02-09T13:06:05","date_gmt":"2017-02-09T19:06:05","guid":{"rendered":"https:\/\/www.futboltotal.com.mx\/?p=459570"},"modified":"2017-02-09T13:06:05","modified_gmt":"2017-02-09T19:06:05","slug":"gallito-vazquez-quiere-ir-a-la-bundesliga","status":"publish","type":"post","link":"http:\/\/desarrollo.grupomedios.com\/futbol\/futbol-mexicano\/gallito-vazquez-quiere-ir-a-la-bundesliga\/2017\/02","title":{"rendered":"Gallito V\u00e1zquez quiere ir a la Bundesliga"},"content":{"rendered":"<p>La semana pasada, el mediocampista Marco Fabi\u00e1n se\u00f1al\u00f3 en una entrevista que <a href=\"https:\/\/www.futboltotal.com.mx\/2017\/02\/marco-fabian-quiere-mexicanos-en-la-bundesliga\/\">la Bundesliga es un liga en la que varios mexicanos podr\u00edan jugar<\/a>. Uno de ellos podr\u00eda ser el centrocampista de <strong>Jos\u00e9 <em>Gallito<\/em> V\u00e1zquez<\/strong>, quien en su segundo torneo con Chivas sue\u00f1a con jugar en Alemania.<\/p>\n<p>A pregunta expresa sobre si busca jugar en el <em>Viejo Contente,\u00a0<\/em>el mediocampista que fue bicampe\u00f3n con Le\u00f3n no dud\u00f3 en admitir que es uno de sus objetivos, y revel\u00f3 que le encantar\u00eda jugar en el Borussia Dortmund, que actualmente dirige Thomas Tuchel y pelea para destronar al Bayern M\u00fanich y ganar su sexto t\u00edtulo de liga.<\/p>\n<p style=\"text-align: center;\"><a href=\"https:\/\/www.futboltotal.com.mx\/futbol-mexicano\/\"><span style=\"color: #3366ff;\">LEER M\u00c1S: Todas las noticias de futbol mexicano<\/span><\/a><\/p>\n<blockquote><p>&#8220;En el Borussia Dortmund. Es un equipo del que me gusta su estilo de juego&#8221;, declar\u00f3 el futbolista a <em>Mediotiempo.<\/em><\/p><\/blockquote>\n<p><strong><em>Gallito<\/em> V\u00e1zquez<\/strong> tiene contrato con Chivas y en este Clausura 2017 espera convertirse en uno de los jugadores clave del entrenador Mat\u00edas Almeyda. Emigrar al futbol europeo no ser\u00e1 sencillo, pero tampoco imposible.<\/p>\n<p>Prueba de ello es que Marco Fabi\u00e1n dej\u00f3 Chivas para ir a Europa con 29 a\u00f1os. El <em>Gallito<\/em> tiene 28 y tambi\u00e9n calidad para jugar del otro lado del Atl\u00e1ntico.<\/p>\n<p><span style=\"color: #3366ff;\"><a style=\"color: #3366ff;\" href=\"https:\/\/twitter.com\/MXFutbolTotal\" target=\"_blank\"><strong>S\u00edguenos en Twitter: @MXFutbolTotal<\/strong><\/a><\/span><\/p>\n<p>&nbsp;<\/p>\n","protected":false},"excerpt":{"rendered":"<p>El centrocampista mexicano se ilusiona con poder jugar en el Borussia Dortmund.<\/p>\n","protected":false},"author":20,"featured_media":459578,"comment_status":"closed","ping_status":"closed","sticky":false,"template":"","format":"standard","meta":[],"categories":[2198,3845],"tags":[119,7226],"_links":{"self":[{"href":"http:\/\/desarrollo.grupomedios.com\/futbol\/wp-json\/wp\/v2\/posts\/459570"}],"collection":[{"href":"http:\/\/desarrollo.grupomedios.com\/futbol\/wp-json\/wp\/v2\/posts"}],"about":[{"href":"http:\/\/desarrollo.grupomedios.com\/futbol\/wp-json\/wp\/v2\/types\/post"}],"author":[{"embeddable":true,"href":"http:\/\/desarrollo.grupomedios.com\/futbol\/wp-json\/wp\/v2\/users\/20"}],"replies":[{"embeddable":true,"href":"http:\/\/desarrollo.grupomedios.com\/futbol\/wp-json\/wp\/v2\/comments?post=459570"}],"version-history":[{"count":0,"href":"http:\/\/desarrollo.grupomedios.com\/futbol\/wp-json\/wp\/v2\/posts\/459570\/revisions"}],"wp:featuredmedia":[{"embeddable":true,"href":"http:\/\/desarrollo.grupomedios.com\/futbol\/wp-json\/wp\/v2\/media\/459578"}],"wp:attachment":[{"href":"http:\/\/desarrollo.grupomedios.com\/futbol\/wp-json\/wp\/v2\/media?parent=459570"}],"wp:term":[{"taxonomy":"category","embeddable":true,"href":"http:\/\/desarrollo.grupomedios.com\/futbol\/wp-json\/wp\/v2\/categories?post=459570"},{"taxonomy":"post_tag","embeddable":true,"href":"http:\/\/desarrollo.grupomedios.com\/futbol\/wp-json\/wp\/v2\/tags?post=459570"}],"curies":[{"name":"wp","href":"https:\/\/api.w.org\/{rel}","templated":true}]}}