{"id":459623,"date":"2017-02-09T15:50:30","date_gmt":"2017-02-09T21:50:30","guid":{"rendered":"https:\/\/www.futboltotal.com.mx\/?p=459623"},"modified":"2017-02-09T15:51:37","modified_gmt":"2017-02-09T21:51:37","slug":"chicharito-pudo-hacer-en-real-madrid-morientes","status":"publish","type":"post","link":"http:\/\/desarrollo.grupomedios.com\/futbol\/futbol-internacional\/chicharito-pudo-hacer-en-real-madrid-morientes\/2017\/02","title":{"rendered":"&#8220;Chicharito pudo hacer m\u00e1s en el Real Madrid&#8221;: Morientes"},"content":{"rendered":"<p>La falta de continuidad y oportunidades en el <strong>Real Madrid<\/strong> fue clave para que el delantero mexicano Javier <strong>Chicharito<\/strong> Hern\u00e1ndez no fuese un goleador, como si lo es en el Bayer Leverkusen, consider\u00f3 el Fernando Morientes, exjugador de los <em>Merengues.\u00a0<\/em><\/p>\n<blockquote><p>&#8220;Yo creo que <strong>Chicharito<\/strong> pod\u00eda haber hecho mucho m\u00e1s de lo que hizo. Le faltaron minutos, continuidad, porque ser delantero es una posici\u00f3n muy espec\u00edfica que necesita continuidad para hacer goles&#8221;, declar\u00f3 el <em>Moro <\/em>a\u00a0<em>Fox Sports.<\/em><\/p><\/blockquote>\n<p style=\"text-align: center;\"><span style=\"color: #3366ff;\">LEER M\u00c1S: Todas las noticias de futbol internacional<\/span><\/p>\n<p style=\"text-align: left;\"><strong>Morientes<\/strong> vivi\u00f3 una situaci\u00f3n similar a la de <strong>Chicharito<\/strong> en el Real Madrid. Y es que en el 2002, el espa\u00f1ol perdi\u00f3 continuidad despu\u00e9s de que el Real Madrid fichara en el \u00faltimo d\u00eda del mercado estival a Ronaldo, quien hab\u00eda sido Campe\u00f3n del Mundo y <em>romperredes <\/em>en Corea-Jap\u00f3n. El\u00a0espa\u00f1ol tuvo que salir del club y lleg\u00f3 al M\u00f3naco, donde jug\u00f3 la campa\u00f1a 2003-04 y logr\u00f3 erigirse como goleador con 22 anotaciones.<\/p>\n<blockquote>\n<p style=\"text-align: left;\">&#8220;No tuvo la continuidad para asentarse en el once inicial del Real Madrid, sino en el juego del club&#8221;, agreg\u00f3 Morientes, al tiempo que resalt\u00f3 que actualmente &#8220;es muy dif\u00edcil ver un delantero centro nato natural. Ver un 9 como en su momento lo fue tal vez Hugo S\u00e1nchez, ahora es muy complicado&#8221;.<\/p>\n<p style=\"text-align: left;\"><span style=\"color: #3366ff;\"><strong>S\u00edguenos en Twitter:<\/strong> <a style=\"color: #3366ff;\" href=\"https:\/\/twitter.com\/MXFutbolTotal\" target=\"_blank\">@MXFutbolTotal<\/a><\/span><\/p>\n<\/blockquote>\n","protected":false},"excerpt":{"rendered":"<p>El ex delantero del RealMadrid cree que el club no confi\u00f3 en el mexicano. <\/p>\n","protected":false},"author":20,"featured_media":459641,"comment_status":"closed","ping_status":"closed","sticky":false,"template":"","format":"standard","meta":[],"categories":[3839,6718,5951],"tags":[120,5988],"_links":{"self":[{"href":"http:\/\/desarrollo.grupomedios.com\/futbol\/wp-json\/wp\/v2\/posts\/459623"}],"collection":[{"href":"http:\/\/desarrollo.grupomedios.com\/futbol\/wp-json\/wp\/v2\/posts"}],"about":[{"href":"http:\/\/desarrollo.grupomedios.com\/futbol\/wp-json\/wp\/v2\/types\/post"}],"author":[{"embeddable":true,"href":"http:\/\/desarrollo.grupomedios.com\/futbol\/wp-json\/wp\/v2\/users\/20"}],"replies":[{"embeddable":true,"href":"http:\/\/desarrollo.grupomedios.com\/futbol\/wp-json\/wp\/v2\/comments?post=459623"}],"version-history":[{"count":0,"href":"http:\/\/desarrollo.grupomedios.com\/futbol\/wp-json\/wp\/v2\/posts\/459623\/revisions"}],"wp:featuredmedia":[{"embeddable":true,"href":"http:\/\/desarrollo.grupomedios.com\/futbol\/wp-json\/wp\/v2\/media\/459641"}],"wp:attachment":[{"href":"http:\/\/desarrollo.grupomedios.com\/futbol\/wp-json\/wp\/v2\/media?parent=459623"}],"wp:term":[{"taxonomy":"category","embeddable":true,"href":"http:\/\/desarrollo.grupomedios.com\/futbol\/wp-json\/wp\/v2\/categories?post=459623"},{"taxonomy":"post_tag","embeddable":true,"href":"http:\/\/desarrollo.grupomedios.com\/futbol\/wp-json\/wp\/v2\/tags?post=459623"}],"curies":[{"name":"wp","href":"https:\/\/api.w.org\/{rel}","templated":true}]}}