{"id":459667,"date":"2017-02-09T17:48:45","date_gmt":"2017-02-09T23:48:45","guid":{"rendered":"https:\/\/www.futboltotal.com.mx\/?p=459667"},"modified":"2017-02-10T08:33:17","modified_gmt":"2017-02-10T14:33:17","slug":"jose-ramon-fernandez-final-america-cruz-azul-es-mamada","status":"publish","type":"post","link":"http:\/\/desarrollo.grupomedios.com\/futbol\/futbol-mexicano\/jose-ramon-fernandez-final-america-cruz-azul-es-mamada\/2017\/02","title":{"rendered":"Joserra asegur\u00f3: &#8220;(La final Am\u00e9rica-Cruz Azul) es una mamad&#8230;&#8221;"},"content":{"rendered":"<p>En el programa de<em> Los Capitanes<\/em>, Jos\u00e9 Ram\u00f3n Fern\u00e1ndez protagoniz\u00f3 otro esc\u00e1ndalo en contra del Am\u00e9rica al declarar que la Final contra Cruz Azul no le parec\u00eda de las m\u00e1s dram\u00e1ticas de la historia y era &#8220;una mamada&#8221;.<\/p>\n<p>El problema surgi\u00f3 cuando estaban hablando sobre las finales m\u00e1s dram\u00e1ticas de la historia del deporte, haciendo referencia de lo conseguido por loa Patriotas de Nueva Inglaterra en el Super Bowl sobre Atlanta.<\/p>\n<p style=\"text-align: center;\"><span style=\"color: #3366ff;\"><a style=\"color: #3366ff;\" href=\"https:\/\/www.futboltotal.com.mx\/2017\/02\/chivas-tv-lanza-oferta-clasico-nacional\/\" target=\"_blank\">LEER M\u00c1S: Chivas TV lanza oferta para el Cl\u00e1sico Nacional<\/a><\/span><\/p>\n<p>Rafa Puente, Alejandro de la Rosa y Zague, le ped\u00edan a Jos\u00e9 Ram\u00f3n poner en primer lugar o segundo lo conseguido por el Am\u00e9rica ante Cruz Azul en la final del 2013 en el Estadio Azteca, esto no le caus\u00f3 mucha gracia y de su boca sali\u00f3 &#8220;no, lo del Am\u00e9rica es indignante, hay lluvia, no, esa es una mamada de&#8230; perd\u00f3n&#8221;, fueron las palabras del periodista deportivo.<\/p>\n<p><script type=\"text\/javascript\" src=\"\/\/cdn.playbuzz.com\/widget\/feed.js\"><\/script><\/p>\n<div class=\"pb_feed\" data-embed-by=\"d43f3879-83ed-40bc-99d7-fde80605466f\" data-item=\"eb77439e-9a7d-4ccb-9980-9ac1bfa88d10\" data-recommend=\"false\" data-game-info=\"false\"><\/div>\n","protected":false},"excerpt":{"rendered":"<p>El periodista volvi\u00f3 a explotar en contra del Am\u00e9rica.<\/p>\n","protected":false},"author":20,"featured_media":448924,"comment_status":"closed","ping_status":"closed","sticky":false,"template":"","format":"standard","meta":[],"categories":[5419,2198,3845],"tags":[5959,6974],"_links":{"self":[{"href":"http:\/\/desarrollo.grupomedios.com\/futbol\/wp-json\/wp\/v2\/posts\/459667"}],"collection":[{"href":"http:\/\/desarrollo.grupomedios.com\/futbol\/wp-json\/wp\/v2\/posts"}],"about":[{"href":"http:\/\/desarrollo.grupomedios.com\/futbol\/wp-json\/wp\/v2\/types\/post"}],"author":[{"embeddable":true,"href":"http:\/\/desarrollo.grupomedios.com\/futbol\/wp-json\/wp\/v2\/users\/20"}],"replies":[{"embeddable":true,"href":"http:\/\/desarrollo.grupomedios.com\/futbol\/wp-json\/wp\/v2\/comments?post=459667"}],"version-history":[{"count":0,"href":"http:\/\/desarrollo.grupomedios.com\/futbol\/wp-json\/wp\/v2\/posts\/459667\/revisions"}],"wp:featuredmedia":[{"embeddable":true,"href":"http:\/\/desarrollo.grupomedios.com\/futbol\/wp-json\/wp\/v2\/media\/448924"}],"wp:attachment":[{"href":"http:\/\/desarrollo.grupomedios.com\/futbol\/wp-json\/wp\/v2\/media?parent=459667"}],"wp:term":[{"taxonomy":"category","embeddable":true,"href":"http:\/\/desarrollo.grupomedios.com\/futbol\/wp-json\/wp\/v2\/categories?post=459667"},{"taxonomy":"post_tag","embeddable":true,"href":"http:\/\/desarrollo.grupomedios.com\/futbol\/wp-json\/wp\/v2\/tags?post=459667"}],"curies":[{"name":"wp","href":"https:\/\/api.w.org\/{rel}","templated":true}]}}