{"id":459672,"date":"2017-02-09T18:47:20","date_gmt":"2017-02-10T00:47:20","guid":{"rendered":"https:\/\/www.futboltotal.com.mx\/?p=459672"},"modified":"2017-05-09T16:11:54","modified_gmt":"2017-05-09T21:11:54","slug":"benfica-pregunta-cesar-montes","status":"publish","type":"post","link":"http:\/\/desarrollo.grupomedios.com\/futbol\/futbol-internacional\/benfica-pregunta-cesar-montes\/2017\/02","title":{"rendered":"Benfica pregunta por C\u00e9sar Montes"},"content":{"rendered":"<p>Despu\u00e9s de haber convertido al delantero\u00a0<strong>Ra\u00fal Jim\u00e9nez<\/strong> en el traspaso m\u00e1s caro en la historia del Benfica, la directiva de las <em>\u00c1guilas\u00a0<\/em>tiene en la mira a otro mexicano. Se trata del defensa C\u00e9sar Montes, de 19 a\u00f1os, quien durante el verano pasado tambi\u00e9n despert\u00f3 el inter\u00e9s del Sporting Lisboa.<\/p>\n<p>El vigente campe\u00f3n de Portugal ya habr\u00eda preguntado por los servicios del zaguero del Monterrey, de 19 a\u00f1os, y estar\u00eda dispuesto a pagar varios millones para ficharlo, posiblemente, en el pr\u00f3ximo mercado de traspasos.<\/p>\n<blockquote><p>&#8220;Rayados est\u00e1 a punto de hacer el negocio del a\u00f1o con C\u00e9sar Montes que, sin duda, tiene todo lo necesario para irse a Europa como una de las mejores ventas del futbol mexicano. Benfica pregunt\u00f3 por \u00e9l&#8221;, publica este jueves el <em>Francotirador<\/em>, en el diario <em>R\u00e9cord.\u00a0<\/em><\/p><\/blockquote>\n<p style=\"text-align: center;\"><span style=\"color: #3366ff;\">LEER M\u00c1S: Todas las noticias de futbol mexicano<\/span><\/p>\n<p style=\"text-align: left;\">A principios de la presente temporada,\u00a0<em>Rayados<\/em>\u00a0recibi\u00f3 una oferta por C\u00e9sar Montes. El Sporting de Portugal puso sobre la mesa 1.5 millones de d\u00f3lares; sin embargo el club declin\u00f3 la oferta, toda vez que pretend\u00eda obtener, al menos, los 4 MDD que figuraban en su cl\u00e1usula de rescisi\u00f3n.<\/p>\n<p style=\"text-align: left;\">Por ahora, no hay m\u00e1s detalles al respecto y el <strong>Benfica<\/strong>\u00a0lo \u00fanico que ha hecho es dejar la puerta entreabierta para sentarse a negociar en el futuro inmediato.<\/p>\n<p style=\"text-align: left;\"><span style=\"color: #3366ff;\"><strong>S\u00edguenos en Twitter: <\/strong><a style=\"color: #3366ff;\" href=\"https:\/\/twitter.com\/MXFutbolTotal\" target=\"_blank\">@MXFutbolTotal<\/a>\u00a0<\/span><\/p>\n","protected":false},"excerpt":{"rendered":"<p>El campe\u00f3n de Portugal quiere fichar al defensa central de Rayados del Monterrey.<\/p>\n","protected":false},"author":20,"featured_media":459689,"comment_status":"closed","ping_status":"closed","sticky":false,"template":"","format":"standard","meta":[],"categories":[3839,6718,5951],"tags":[6060,7096],"_links":{"self":[{"href":"http:\/\/desarrollo.grupomedios.com\/futbol\/wp-json\/wp\/v2\/posts\/459672"}],"collection":[{"href":"http:\/\/desarrollo.grupomedios.com\/futbol\/wp-json\/wp\/v2\/posts"}],"about":[{"href":"http:\/\/desarrollo.grupomedios.com\/futbol\/wp-json\/wp\/v2\/types\/post"}],"author":[{"embeddable":true,"href":"http:\/\/desarrollo.grupomedios.com\/futbol\/wp-json\/wp\/v2\/users\/20"}],"replies":[{"embeddable":true,"href":"http:\/\/desarrollo.grupomedios.com\/futbol\/wp-json\/wp\/v2\/comments?post=459672"}],"version-history":[{"count":1,"href":"http:\/\/desarrollo.grupomedios.com\/futbol\/wp-json\/wp\/v2\/posts\/459672\/revisions"}],"predecessor-version":[{"id":478186,"href":"http:\/\/desarrollo.grupomedios.com\/futbol\/wp-json\/wp\/v2\/posts\/459672\/revisions\/478186"}],"wp:featuredmedia":[{"embeddable":true,"href":"http:\/\/desarrollo.grupomedios.com\/futbol\/wp-json\/wp\/v2\/media\/459689"}],"wp:attachment":[{"href":"http:\/\/desarrollo.grupomedios.com\/futbol\/wp-json\/wp\/v2\/media?parent=459672"}],"wp:term":[{"taxonomy":"category","embeddable":true,"href":"http:\/\/desarrollo.grupomedios.com\/futbol\/wp-json\/wp\/v2\/categories?post=459672"},{"taxonomy":"post_tag","embeddable":true,"href":"http:\/\/desarrollo.grupomedios.com\/futbol\/wp-json\/wp\/v2\/tags?post=459672"}],"curies":[{"name":"wp","href":"https:\/\/api.w.org\/{rel}","templated":true}]}}