{"id":459749,"date":"2017-02-10T10:16:00","date_gmt":"2017-02-10T16:16:00","guid":{"rendered":"https:\/\/www.futboltotal.com.mx\/?p=459749"},"modified":"2017-02-10T10:16:00","modified_gmt":"2017-02-10T16:16:00","slug":"guardiola-lamenta-retiro-philipp-lahm","status":"publish","type":"post","link":"http:\/\/desarrollo.grupomedios.com\/futbol\/futbol-internacional\/guardiola-lamenta-retiro-philipp-lahm\/2017\/02","title":{"rendered":"Guardiola lamenta retiro de Philipp Lahm"},"content":{"rendered":"<p>Pep Guardiola, t\u00e9cnico del Manchester City, lament\u00f3 este viernes la retirada del alem\u00e1n <strong>Philipp Lahm<\/strong> (Bayern M\u00fanich) y asegur\u00f3 que &#8220;el f\u00fatbol le va a echar mucho de menos&#8221;.<\/p>\n<p><strong>Lahm<\/strong>, de 33 a\u00f1os, quien estuvo a las \u00f3rdenes de Guardiola las \u00faltimas tres temporadas en el Bayern M\u00fanich, anunci\u00f3 esta semana su retirada del f\u00fatbol profesional a final de curso.<\/p>\n<blockquote class=\"twitter-tweet\" data-width=\"500\">\n<p lang=\"es\" dir=\"ltr\">Pep: &quot;Philipp Lahm fue y es una persona especial en mi vida. Creo que a\u00fan le queda f\u00fatbol. Persona y jugador excepcional&quot;. <a href=\"https:\/\/twitter.com\/hashtag\/afcbvcity?src=hash\">#afcbvcity<\/a> <a href=\"https:\/\/t.co\/5oy9FGLAtn\">pic.twitter.com\/5oy9FGLAtn<\/a><\/p>\n<p>&mdash; Manchester City (@ManCityES) <a href=\"https:\/\/twitter.com\/ManCityES\/status\/830059591992037376\">February 10, 2017<\/a><\/p><\/blockquote>\n<p><script async src=\"\/\/platform.twitter.com\/widgets.js\" charset=\"utf-8\"><\/script><\/p>\n<blockquote><p>&#8220;Estoy un poco triste porque creo que en el coraz\u00f3n y en las piernas todav\u00eda le queda f\u00fatbol, aunque quiz\u00e1 no en la cabeza&#8221;, dijo hoy el t\u00e9cnico espa\u00f1ol en la rueda de prensa previa al duelo ante el Bournemouth (lunes, 20:00 GMT).<\/p>\n<p>&#8220;Es una persona y un futbolista excepcional, uno de los mejores jugadores que he entrenado en mi vida&#8221;, agreg\u00f3 Guardiola, en la City Football Academy (CFA), la ciudad deportiva del City.<\/p><\/blockquote>\n<p>Guardiola, que emple\u00f3 a Lahm como centrocampista, en lugar de lateral, su posici\u00f3n habitual, insisti\u00f3 en que el germano &#8220;fue y sigue siendo una persona especial&#8221; en su vida y a\u00f1adi\u00f3 que &#8220;el f\u00fatbol le va a echar mucho de menos&#8221;.<\/p>\n<p style=\"text-align: center;\"><span style=\"color: #3366ff;\"><a style=\"color: #3366ff;\" href=\"https:\/\/www.futboltotal.com.mx\/2017\/02\/equipos-espana-enfrentaran-a-clubes-liga-mx\/\">LEER M\u00c1S: Equipos de Espa\u00f1a enfrentar\u00e1n a clubes de Liga MX<\/a><\/span><\/p>\n<p>&#8220;Philipp fue y sigue siendo una persona especial en mi vida. No es f\u00e1cil para un catal\u00e1n llegar a M\u00fanich y aprender el idioma y la cultura, y \u00e9l me ayud\u00f3 mucho&#8221;, subray\u00f3.<\/p>\n<p>&#8220;El f\u00fatbol echar\u00e1 de menos a un futbolista que puede jugar en diez posiciones, alguien que entiende el juego muy bien. Fue un honor incre\u00edble ser su entrenador y estoy triste porque, honestamente, creo que tiene m\u00e1s f\u00fatbol en sus piernas&#8221;, apunt\u00f3 el espa\u00f1ol.<\/p>\n<p>&#8220;Esta clase de chicos son muy necesarios en el f\u00fatbol, es una persona excepcional&#8221;, concluy\u00f3 Guardiola. EFE<\/p>\n","protected":false},"excerpt":{"rendered":"<p>&#8220;El futbol lo va a extra\u00f1ar&#8221; dijo Guardiola.<\/p>\n","protected":false},"author":144,"featured_media":459751,"comment_status":"closed","ping_status":"closed","sticky":false,"template":"","format":"standard","meta":[],"categories":[3839,5951],"tags":[1791,3757],"_links":{"self":[{"href":"http:\/\/desarrollo.grupomedios.com\/futbol\/wp-json\/wp\/v2\/posts\/459749"}],"collection":[{"href":"http:\/\/desarrollo.grupomedios.com\/futbol\/wp-json\/wp\/v2\/posts"}],"about":[{"href":"http:\/\/desarrollo.grupomedios.com\/futbol\/wp-json\/wp\/v2\/types\/post"}],"author":[{"embeddable":true,"href":"http:\/\/desarrollo.grupomedios.com\/futbol\/wp-json\/wp\/v2\/users\/144"}],"replies":[{"embeddable":true,"href":"http:\/\/desarrollo.grupomedios.com\/futbol\/wp-json\/wp\/v2\/comments?post=459749"}],"version-history":[{"count":0,"href":"http:\/\/desarrollo.grupomedios.com\/futbol\/wp-json\/wp\/v2\/posts\/459749\/revisions"}],"wp:featuredmedia":[{"embeddable":true,"href":"http:\/\/desarrollo.grupomedios.com\/futbol\/wp-json\/wp\/v2\/media\/459751"}],"wp:attachment":[{"href":"http:\/\/desarrollo.grupomedios.com\/futbol\/wp-json\/wp\/v2\/media?parent=459749"}],"wp:term":[{"taxonomy":"category","embeddable":true,"href":"http:\/\/desarrollo.grupomedios.com\/futbol\/wp-json\/wp\/v2\/categories?post=459749"},{"taxonomy":"post_tag","embeddable":true,"href":"http:\/\/desarrollo.grupomedios.com\/futbol\/wp-json\/wp\/v2\/tags?post=459749"}],"curies":[{"name":"wp","href":"https:\/\/api.w.org\/{rel}","templated":true}]}}