{"id":459778,"date":"2017-02-10T12:27:37","date_gmt":"2017-02-10T18:27:37","guid":{"rendered":"https:\/\/www.futboltotal.com.mx\/?p=459778"},"modified":"2017-02-10T12:27:37","modified_gmt":"2017-02-10T18:27:37","slug":"confirmado-rafael-marquez-baja-atlas-clasico-tapatio","status":"publish","type":"post","link":"http:\/\/desarrollo.grupomedios.com\/futbol\/destacado-home\/confirmado-rafael-marquez-baja-atlas-clasico-tapatio\/2017\/02","title":{"rendered":"Confirmado: Rafa M\u00e1rquez, baja con Atlas para el Cl\u00e1sico Tapat\u00edo"},"content":{"rendered":"<p>&nbsp;<\/p>\n<p>S\u00f3lo faltaba la confirmaci\u00f3n oficial por parte de los servicios m\u00e9dicos del <strong>Atlas<\/strong>, lo que finalmente lleg\u00f3: <strong>Rafael M\u00e1rquez<\/strong> no podr\u00e1 ver acci\u00f3n en el <strong>Cl\u00e1sico Tapat\u00edo<\/strong> contra las <strong>Chivas<\/strong> en la jornada 6 del torneo <strong>Clausura 2017<\/strong>.<\/p>\n<p>El central mexicano, quien particip\u00f3 en el amistoso de la Selecci\u00f3n Mexicana que se impuso por 1-0 ante Islandia, termin\u00f3 lesionado luego de ese partido y se perder\u00e1 el duelo clave de sus <em>Rojinegros<\/em> ante el odiado rival.<\/p>\n<p>As\u00ed lo confirm\u00f3 el propio equipo atlista por medio de un comunicado.<\/p>\n<blockquote><p>En el partido disputado el pasado mi\u00e9rcoles 8 de febrero de 2017, entre la Selecci\u00f3n Nacional de M\u00e9xico y su similar de Islandia, nuestro defensa Rafael M\u00e1rquez se vio obligado a salir de cambio, al exponer dolor en la regi\u00f3n posterior del muslo derecho, como medida precautoria y buscando evitar agravar una posible lesi\u00f3n.<\/p>\n<p>Despu\u00e9s de realizar los estudios pertinentes, se encontr\u00f3 que Rafael M\u00e1rquez sufre un desgarro en el b\u00edceps femoral derecho, motivo por el cual descartamos su participaci\u00f3n en el Cl\u00e1sico Tapat\u00edo.<\/p>\n<p>Deseamos pronta mejor\u00eda a nuestro capit\u00e1n.<\/p><\/blockquote>\n<p class=\"p1\"><span class=\"s1\"><b>S\u00edguenos en Twitter<\/b>:\u00a0<a href=\"https:\/\/twitter.com\/MXFutbolTotal\"><span class=\"s2\">@MXFutbolTotal<\/span><\/a><\/span><\/p>\n","protected":false},"excerpt":{"rendered":"<p>El central termin\u00f3 lesionado luego de el M\u00e9xico-Islandia y se perder\u00e1 el duelo ante el odiado rival.<\/p>\n","protected":false},"author":20,"featured_media":450072,"comment_status":"closed","ping_status":"closed","sticky":false,"template":"","format":"standard","meta":[],"categories":[5,2198,3845],"tags":[5961,70,1418,5963,8197,4358,6033],"_links":{"self":[{"href":"http:\/\/desarrollo.grupomedios.com\/futbol\/wp-json\/wp\/v2\/posts\/459778"}],"collection":[{"href":"http:\/\/desarrollo.grupomedios.com\/futbol\/wp-json\/wp\/v2\/posts"}],"about":[{"href":"http:\/\/desarrollo.grupomedios.com\/futbol\/wp-json\/wp\/v2\/types\/post"}],"author":[{"embeddable":true,"href":"http:\/\/desarrollo.grupomedios.com\/futbol\/wp-json\/wp\/v2\/users\/20"}],"replies":[{"embeddable":true,"href":"http:\/\/desarrollo.grupomedios.com\/futbol\/wp-json\/wp\/v2\/comments?post=459778"}],"version-history":[{"count":0,"href":"http:\/\/desarrollo.grupomedios.com\/futbol\/wp-json\/wp\/v2\/posts\/459778\/revisions"}],"wp:featuredmedia":[{"embeddable":true,"href":"http:\/\/desarrollo.grupomedios.com\/futbol\/wp-json\/wp\/v2\/media\/450072"}],"wp:attachment":[{"href":"http:\/\/desarrollo.grupomedios.com\/futbol\/wp-json\/wp\/v2\/media?parent=459778"}],"wp:term":[{"taxonomy":"category","embeddable":true,"href":"http:\/\/desarrollo.grupomedios.com\/futbol\/wp-json\/wp\/v2\/categories?post=459778"},{"taxonomy":"post_tag","embeddable":true,"href":"http:\/\/desarrollo.grupomedios.com\/futbol\/wp-json\/wp\/v2\/tags?post=459778"}],"curies":[{"name":"wp","href":"https:\/\/api.w.org\/{rel}","templated":true}]}}