{"id":459787,"date":"2017-02-10T13:36:19","date_gmt":"2017-02-10T19:36:19","guid":{"rendered":"https:\/\/www.futboltotal.com.mx\/?p=459787"},"modified":"2017-02-10T13:37:02","modified_gmt":"2017-02-10T19:37:02","slug":"fideo-alvarez-del-atlas-no-me-iria-chivas-america-tal-vez","status":"publish","type":"post","link":"http:\/\/desarrollo.grupomedios.com\/futbol\/destacado-home\/fideo-alvarez-del-atlas-no-me-iria-chivas-america-tal-vez\/2017\/02","title":{"rendered":"&#8216;Fideo&#8217; \u00c1lvarez: &#8220;No me ir\u00eda a Chivas, al Am\u00e9rica tal vez&#8221;"},"content":{"rendered":"<p>La rivalidad que existe entre <strong>Atlas<\/strong> y <strong>Chivas<\/strong> se ver\u00e1 reflejada en la cancha del estadio Jalisco una vez m\u00e1s este s\u00e1bado en una edici\u00f3n m\u00e1s del <strong>Cl\u00e1sico Tapat\u00edo<\/strong> y <strong>Daniel \u00c1lvarez<\/strong>, delantero de los <em>Zorros<\/em>, no dud\u00f3 en calentar el duelo con una declaraci\u00f3n tajante.<\/p>\n<p>&#8220;Ahorita en mi carrera no podr\u00eda ir al Guadalajara. Es como si te fueras de un Monterrey a Tigres, creo que incluso la afici\u00f3n no me aceptar\u00eda, no encajar\u00eda bien y no me podr\u00eda adaptar bien, no ser\u00eda una buena idea&#8221;, asegur\u00f3 el llamado <em>Fideo<\/em> en entrevista para Marca Claro.<\/p>\n<p>Sin embargo, \u00c1lvarez, canterano atlista que se ha ido ganando un puesto en el ataque de su club, no descartar\u00eda en un futuro jugar con otro de los equipos grandes de M\u00e9xico, el Am\u00e9rica.<\/p>\n<p>&#8220;Saber que un gran equipo como lo es Am\u00e9rica est\u00e9 preguntando por ti, quiera que me vaya para all\u00e1 (me halaga). En su momento yo dej\u00e9 que fluyeran las cosas y sigo contento de estar en casa, que es Atlas&#8221;.<\/p>\n<p><a href=\"https:\/\/www.futboltotal.com.mx\/2017\/02\/confirmado-rafael-marquez-baja-atlas-clasico-tapatio\/\">VER M\u00c1S: CONFIRMADO: RAFA M\u00c1RQUEZ, BAJA CON ATLAS PARA EL CL\u00c1SICO TAPAT\u00cdO<\/a><\/p>\n<p>Las \u00c1guilas ya buscaron al Fideo en el pasado, y el extremo confiesa que si se le presenta otro ofrecimiento por parte del cuadro de Coapa lo analizar\u00eda.<\/p>\n<p>&#8220;Creo que ya tendr\u00eda que ver y hablar bien con los directivos, el club, hablar bien las dos partes y que las dos partes est\u00e9n contentas. (El inter\u00e9s por parte del Am\u00e9rica) s\u00ed fue una situaci\u00f3n real y gracias a Dios sigo aqu\u00ed, estoy muy contento y pretendo estar muchos a\u00f1os aqu\u00ed&#8221;, asegur\u00f3 \u00c1lvarez.<\/p>\n<p class=\"p1\"><span class=\"s1\"><b>S\u00edguenos en Twitter<\/b>:\u00a0<a href=\"https:\/\/twitter.com\/MXFutbolTotal\"><span class=\"s2\">@MXFutbolTotal<\/span><\/a><\/span><\/p>\n","protected":false},"excerpt":{"rendered":"<p>\u00c1lvarez no descartar\u00eda en un futuro jugar con otro grande de M\u00e9xico, el Am\u00e9rica.<\/p>\n","protected":false},"author":20,"featured_media":459788,"comment_status":"closed","ping_status":"closed","sticky":false,"template":"","format":"standard","meta":[],"categories":[5,2198,3845],"tags":[5961,70,8203,7732,8202,8201,5963,64],"_links":{"self":[{"href":"http:\/\/desarrollo.grupomedios.com\/futbol\/wp-json\/wp\/v2\/posts\/459787"}],"collection":[{"href":"http:\/\/desarrollo.grupomedios.com\/futbol\/wp-json\/wp\/v2\/posts"}],"about":[{"href":"http:\/\/desarrollo.grupomedios.com\/futbol\/wp-json\/wp\/v2\/types\/post"}],"author":[{"embeddable":true,"href":"http:\/\/desarrollo.grupomedios.com\/futbol\/wp-json\/wp\/v2\/users\/20"}],"replies":[{"embeddable":true,"href":"http:\/\/desarrollo.grupomedios.com\/futbol\/wp-json\/wp\/v2\/comments?post=459787"}],"version-history":[{"count":0,"href":"http:\/\/desarrollo.grupomedios.com\/futbol\/wp-json\/wp\/v2\/posts\/459787\/revisions"}],"wp:featuredmedia":[{"embeddable":true,"href":"http:\/\/desarrollo.grupomedios.com\/futbol\/wp-json\/wp\/v2\/media\/459788"}],"wp:attachment":[{"href":"http:\/\/desarrollo.grupomedios.com\/futbol\/wp-json\/wp\/v2\/media?parent=459787"}],"wp:term":[{"taxonomy":"category","embeddable":true,"href":"http:\/\/desarrollo.grupomedios.com\/futbol\/wp-json\/wp\/v2\/categories?post=459787"},{"taxonomy":"post_tag","embeddable":true,"href":"http:\/\/desarrollo.grupomedios.com\/futbol\/wp-json\/wp\/v2\/tags?post=459787"}],"curies":[{"name":"wp","href":"https:\/\/api.w.org\/{rel}","templated":true}]}}