{"id":459806,"date":"2017-02-10T14:45:56","date_gmt":"2017-02-10T20:45:56","guid":{"rendered":"https:\/\/www.futboltotal.com.mx\/?p=459806"},"modified":"2017-02-10T16:04:49","modified_gmt":"2017-02-10T22:04:49","slug":"mira-golazo-carlos-vela-humillo-a-diego-reyes","status":"publish","type":"post","link":"http:\/\/desarrollo.grupomedios.com\/futbol\/destacado-home\/mira-golazo-carlos-vela-humillo-a-diego-reyes\/2017\/02","title":{"rendered":"Con Golazo de Vela, la Real Sociedad venci\u00f3 al Espanyol de Reyes"},"content":{"rendered":"<p>La Real Sociedad y el Espanyol disputaron el primer partido de la jornada 22 de LaLiga espa\u00f1ola, en el que se present\u00f3 un duelo entre mexicanos: <strong>Carlos Vela vs. Diego Reyes<\/strong>.<\/p>\n<p>Justo al minuto 26, el tambi\u00e9n conocido como\u00a0Bombardero hizo un golazo con el que adelant\u00f3 de momento a los vascos, una gran anotaci\u00f3n con la que de paso exhibi\u00f3 a su compatriota Reyes, quien lo estaba marcando pero de repente perdi\u00f3 a Vela gracias a su velocidad.<\/p>\n<p>Vela realiz\u00f3 una recepci\u00f3n de crack para quedar mano a mano ante el arquero de los Periquitos y definir con tranquilidad para el 1-0, mientras que Diego ya s\u00f3lo llegaba para presenciar en primera fila la anotaci\u00f3n de su amigo, pero esta vez rival en el campo.<\/p>\n<p>&nbsp;<\/p>\n<blockquote class=\"twitter-video\" data-lang=\"es\">\n<p dir=\"ltr\" lang=\"und\">Gol de Carlos Vela al Espanyol | RCD Espanyol &#8211; Real Sociedad | Jornada 22 de Liga Santander 16\/17 <a href=\"https:\/\/t.co\/PWedHE5Y8h\">pic.twitter.com\/PWedHE5Y8h<\/a><\/p>\n<p>\u2014 El Fuera de Juego (@elfuera_dejuego) <a href=\"https:\/\/twitter.com\/elfuera_dejuego\/status\/830164098700689408\">10 de febrero de 2017<\/a><\/p><\/blockquote>\n<p><script async src=\"\/\/platform.twitter.com\/widgets.js\" charset=\"utf-8\"><\/script><\/p>\n<p>Por si fuera poco, minutos despu\u00e9s Reyes le cometi\u00f3 una falta a Carlos y el delantero de la Real exigi\u00f3 de forma airada la amonestaci\u00f3n para Diego, la cual habr\u00eda sido su segunda amarilla y, por ende, expulsi\u00f3n. Vaya amigos.<\/p>\n<p>Despu\u00e9s el Espanyol empatar\u00eda con otro gran gol gracias al paraguayo Hern\u00e1n P\u00e9rez, quien fint\u00f3 a dos defensas y termin\u00f3 por definir ante la salida del argentino Ger\u00f3nimo Rulli.<\/p>\n<p>https:\/\/twitter.com\/Albirroja\/status\/830168714813243392<\/p>\n<p>Para la mala suerte de los Periquitos, en la segunda mitad Asier Illarramendi volvi\u00f3 a marcar otro golazo para definir el partido en favor de Carlos Vela y la Real Sociedad, que lleg\u00f3 a la cuarta posici\u00f3n pasando al Atl\u00e9tico de Madrid.<\/p>\n<blockquote class=\"twitter-tweet\" data-width=\"500\">\n<p lang=\"und\" dir=\"ltr\">Gol de Illarramendi al Espanyol | RCD Espanyol &#8211; Real Sociedad | Jornada 22 de Liga Santander 16\/17 <a href=\"https:\/\/t.co\/9DAIRGJWME\">pic.twitter.com\/9DAIRGJWME<\/a><\/p>\n<p>&mdash; El Fuera de Juego (@elfuera_dejuego) <a href=\"https:\/\/twitter.com\/elfuera_dejuego\/status\/830164934872989700\">February 10, 2017<\/a><\/p><\/blockquote>\n<p><script async src=\"\/\/platform.twitter.com\/widgets.js\" charset=\"utf-8\"><\/script><\/p>\n","protected":false},"excerpt":{"rendered":"<p>Vela hizo un golazo con el que adelant\u00f3 de momento a los vascos y exhibi\u00f3 a Reyes.<\/p>\n","protected":false},"author":20,"featured_media":459824,"comment_status":"closed","ping_status":"closed","sticky":false,"template":"","format":"standard","meta":[],"categories":[5,3839,3844,6718],"tags":[6048,6006,67,6114,5956,102],"_links":{"self":[{"href":"http:\/\/desarrollo.grupomedios.com\/futbol\/wp-json\/wp\/v2\/posts\/459806"}],"collection":[{"href":"http:\/\/desarrollo.grupomedios.com\/futbol\/wp-json\/wp\/v2\/posts"}],"about":[{"href":"http:\/\/desarrollo.grupomedios.com\/futbol\/wp-json\/wp\/v2\/types\/post"}],"author":[{"embeddable":true,"href":"http:\/\/desarrollo.grupomedios.com\/futbol\/wp-json\/wp\/v2\/users\/20"}],"replies":[{"embeddable":true,"href":"http:\/\/desarrollo.grupomedios.com\/futbol\/wp-json\/wp\/v2\/comments?post=459806"}],"version-history":[{"count":0,"href":"http:\/\/desarrollo.grupomedios.com\/futbol\/wp-json\/wp\/v2\/posts\/459806\/revisions"}],"wp:featuredmedia":[{"embeddable":true,"href":"http:\/\/desarrollo.grupomedios.com\/futbol\/wp-json\/wp\/v2\/media\/459824"}],"wp:attachment":[{"href":"http:\/\/desarrollo.grupomedios.com\/futbol\/wp-json\/wp\/v2\/media?parent=459806"}],"wp:term":[{"taxonomy":"category","embeddable":true,"href":"http:\/\/desarrollo.grupomedios.com\/futbol\/wp-json\/wp\/v2\/categories?post=459806"},{"taxonomy":"post_tag","embeddable":true,"href":"http:\/\/desarrollo.grupomedios.com\/futbol\/wp-json\/wp\/v2\/tags?post=459806"}],"curies":[{"name":"wp","href":"https:\/\/api.w.org\/{rel}","templated":true}]}}