{"id":459808,"date":"2017-02-10T15:00:03","date_gmt":"2017-02-10T21:00:03","guid":{"rendered":"https:\/\/www.futboltotal.com.mx\/?p=459808"},"modified":"2017-02-10T15:00:03","modified_gmt":"2017-02-10T21:00:03","slug":"zinedine-zidane-ha-italianizado-al-real-madrid-ciro-ferrara","status":"publish","type":"post","link":"http:\/\/desarrollo.grupomedios.com\/futbol\/futbol-internacional\/zinedine-zidane-ha-italianizado-al-real-madrid-ciro-ferrara\/2017\/02","title":{"rendered":"Zidane ha italianizado al Real Madrid: Ciro Ferrara"},"content":{"rendered":"<p>El exdefensa del N\u00e1poles y de la selecci\u00f3n italiana, Ciro Ferrara, consider\u00f3 hoy que el t\u00e9cnico del Real Madrid, el franc\u00e9s <strong>Zinedine Zidane<\/strong>, ha &#8220;italianizado&#8221; al club blanco, d\u00e1ndole los &#8220;equilibrios correctos en la fase defensiva&#8221;.<\/p>\n<p>&#8220;Mi amigo <strong>Zidane<\/strong> ya ha <em>italianizado<\/em> al Real Madrid, d\u00e1ndole los equilibrios correctos en fase defensiva. En el Bernab\u00e9u el Madrid atacar\u00e1, pero si dejan demasiados espacios al N\u00e1poles nos divertiremos&#8221;, dijo Ferrara a <em>La Gazzetta dello Sport<\/em>.<\/p>\n<p>https:\/\/twitter.com\/realmadrid\/status\/830114122956169217<\/p>\n<p style=\"text-align: center;\"><a href=\"https:\/\/www.futboltotal.com.mx\/2017\/02\/chicharito-hernandez-tiene-nueva-novia-camila-sodi-ex-diego-luna\/\"><span style=\"color: #3366ff;\">LEER M\u00c1S:\u00a0\u00a1Golazo! Chicharito ya tiene nueva novia: la ex de Diego Luna<\/span><\/a><\/p>\n<p>&#8220;Estoy convencido de que <strong>Zinedine<\/strong>\u00a0<strong>Zidane<\/strong> ser\u00e1 a\u00fan m\u00e1s <em>italiano<\/em> en un partido que no me parece tan desequilibrado&#8221;, agreg\u00f3 el exdefensa, que comparti\u00f3 vestuario con el actual t\u00e9cnico madridista en su etapa en el Juventus Tur\u00edn, entre ellas en la temporada 1998-99 cuando el equipo madridista le gan\u00f3 al turin\u00e9s la final de la Copa de Europa, en Amsterdam.<\/p>\n<p>Ferrara, que es el actual entrenador del Wuhan Zall chino, consider\u00f3, adem\u00e1s, que los espa\u00f1oles Jos\u00e9 Callej\u00f3n y Ra\u00fal Albiol ser\u00e1n fundamentales en la eliminatoria contra el Real Madrid.<\/p>\n<p>&#8220;Para m\u00ed hay dos hombres fundamentales para el N\u00e1poles, y no s\u00f3lo a nivel t\u00e9cnico. Callej\u00f3n, que ataca muy bien los espacios, y Ra\u00fal Albiol, para la fase defensiva&#8221;, afirm\u00f3.<\/p>\n<p>El italiano opin\u00f3 que los dos futbolistas, que son exjugadores del Real Madrid, pueden ayudar a sus compa\u00f1eros a gestionar la presi\u00f3n.<\/p>\n<p>&#8220;Al haber jugado en el Real Madrid, pueden hacer entender a sus compa\u00f1eros lo que es el miedo esc\u00e9nico, para que superen la tensi\u00f3n y el miedo&#8221;, explic\u00f3.<\/p>\n<p>Ferrara tambi\u00e9n envi\u00f3 un mensaje a Albiol, bromeando sobre el hecho de que el espa\u00f1ol es su inquilino en un piso en la exclusiva zona de Posillipo.<\/p>\n<p>&#8220;Juega bien y pasa de ronda con el N\u00e1poles, si no te echo de casa&#8221;, brome\u00f3.<\/p>\n<p style=\"text-align: center;\"><a href=\"https:\/\/www.futboltotal.com.mx\/2017\/02\/guardiola-lamenta-retiro-philipp-lahm\/\"><span style=\"color: #3366ff;\">LEER M\u00c1S:\u00a0Guardiola lamenta retiro de Philipp Lahm<\/span><\/a><\/p>\n<p>El italiano mostr\u00f3 adem\u00e1s su estima por el t\u00e9cnico del N\u00e1poles, Maurizio Sarri, y subray\u00f3 que ha hecho un trabajo &#8220;excelente&#8221;.<\/p>\n<p>&#8220;Sarri me gusta much\u00edsimo. Ha hecho un trabajo excelente, gestionando bien dos momentos. Uno al principio del a\u00f1o pasado, cuando cambi\u00f3 de m\u00f3dulo y luego este a\u00f1o, cuando supo reemplazar a (el argentino, Gonzalo) Higua\u00edn&#8221;, consider\u00f3.<\/p>\n<p><b>S\u00edguenos en <span id=\"m_-1819571655688585022goog_2054972132\"><\/span>Twitter <a href=\"https:\/\/twitter.com\/MXFutbolTotal\" target=\"_blank\" data-saferedirecturl=\"https:\/\/www.google.com\/url?hl=es&amp;q=https:\/\/twitter.com\/MXFutbolTotal&amp;source=gmail&amp;ust=1486845838140000&amp;usg=AFQjCNGBkMfW338ESDhY7W1yWEG9QzqEyw\">@MXFutbolTotal<\/a><\/b><\/p>\n","protected":false},"excerpt":{"rendered":"<p>Seg\u00fan su colega, Zizou le ha dado equilibrio defensivo al club blanco.<\/p>\n","protected":false},"author":144,"featured_media":459814,"comment_status":"closed","ping_status":"closed","sticky":false,"template":"","format":"standard","meta":[],"categories":[3839,3844],"tags":[8204,359,5988,2215],"_links":{"self":[{"href":"http:\/\/desarrollo.grupomedios.com\/futbol\/wp-json\/wp\/v2\/posts\/459808"}],"collection":[{"href":"http:\/\/desarrollo.grupomedios.com\/futbol\/wp-json\/wp\/v2\/posts"}],"about":[{"href":"http:\/\/desarrollo.grupomedios.com\/futbol\/wp-json\/wp\/v2\/types\/post"}],"author":[{"embeddable":true,"href":"http:\/\/desarrollo.grupomedios.com\/futbol\/wp-json\/wp\/v2\/users\/144"}],"replies":[{"embeddable":true,"href":"http:\/\/desarrollo.grupomedios.com\/futbol\/wp-json\/wp\/v2\/comments?post=459808"}],"version-history":[{"count":0,"href":"http:\/\/desarrollo.grupomedios.com\/futbol\/wp-json\/wp\/v2\/posts\/459808\/revisions"}],"wp:featuredmedia":[{"embeddable":true,"href":"http:\/\/desarrollo.grupomedios.com\/futbol\/wp-json\/wp\/v2\/media\/459814"}],"wp:attachment":[{"href":"http:\/\/desarrollo.grupomedios.com\/futbol\/wp-json\/wp\/v2\/media?parent=459808"}],"wp:term":[{"taxonomy":"category","embeddable":true,"href":"http:\/\/desarrollo.grupomedios.com\/futbol\/wp-json\/wp\/v2\/categories?post=459808"},{"taxonomy":"post_tag","embeddable":true,"href":"http:\/\/desarrollo.grupomedios.com\/futbol\/wp-json\/wp\/v2\/tags?post=459808"}],"curies":[{"name":"wp","href":"https:\/\/api.w.org\/{rel}","templated":true}]}}