{"id":459817,"date":"2017-02-10T15:19:45","date_gmt":"2017-02-10T21:19:45","guid":{"rendered":"https:\/\/www.futboltotal.com.mx\/?p=459817"},"modified":"2017-02-10T15:19:45","modified_gmt":"2017-02-10T21:19:45","slug":"futbolista-del-barcelona-quiere-convertirse-en-superheroe","status":"publish","type":"post","link":"http:\/\/desarrollo.grupomedios.com\/futbol\/futbol-internacional\/futbolista-del-barcelona-quiere-convertirse-en-superheroe\/2017\/02","title":{"rendered":"Un futbolista del Barcelona quiere convertirse en superh\u00e9roe"},"content":{"rendered":"<p>Pese a que para quienes vivimos desde fuera el futbol podr\u00eda parecer que no hay trabajo m\u00e1s emocionante y feliz, un jugador del Barcelona no piensa igual.<\/p>\n<p>Al menos eso podr\u00eda creerse por la foto que <strong>Rafinha<\/strong> public\u00f3 en su cuenta de Twitter, en la que deja ver que quiere incursionar en una nueva y fant\u00e1stica profesi\u00f3n.<\/p>\n<p style=\"text-align: center;\"><a href=\"https:\/\/www.futboltotal.com.mx\/2017\/02\/la-tremenda-cortada-rafinha-alcantara\/\" target=\"_blank\"><span style=\"color: #3366ff;\"><strong>LEER M\u00c1S: La tremenda cortada de Rafinha Alc\u00e1ntara<\/strong><\/span><\/a><\/p>\n<p>Hay que recordar que el fin de semana pasado, durante el partido ante el Athletic de Bilbao, el mediocampista <em>Blaugrana<\/em> sufri\u00f3 un golpe dur\u00edsimo por parte de su compa\u00f1ero Ter Stegen.<\/p>\n<p>El rodillazo accidental de su arquero le provoc\u00f3 a <strong>Rafinha<\/strong> un corte profundo en la frente, que m\u00e1s tarde mostr\u00f3 en Twitter.<\/p>\n<blockquote class=\"twitter-tweet\" data-lang=\"es\">\n<p dir=\"ltr\" lang=\"es\">Obrigado a todos! Gracias por los mensajes de apoyo. Me encuentro bien, de vuelta en nada. Por otro lado se acab\u00f3 mi carrera de modelo &#x1f432;&#x1f602;&#x1f602;&#x1f602;&#x1f47b; <a href=\"https:\/\/t.co\/YECkjgZgQP\">pic.twitter.com\/YECkjgZgQP<\/a><\/p>\n<p>\u2014 Rafinha Alcantara (@Rafinha) <a href=\"https:\/\/twitter.com\/Rafinha\/status\/828237454629072897\">5 de febrero de 2017<\/a><\/p><\/blockquote>\n<p><script async src=\"\/\/platform.twitter.com\/widgets.js\" charset=\"utf-8\"><\/script><\/p>\n<p>Y ahora, debido a los cuidados que necesitar\u00e1 debido a la herida, el futbolista <em>Cul\u00e9<\/em> aprovech\u00f3 para bromear sobre su posible incursi\u00f3n en otro mundo: el de los superh\u00e9roes.<\/p>\n<p>El jugador poste\u00f3 una foto en su Twitter, que capta el momento en que le toman medidas, presumiblemente para fabricar una m\u00e1scara con la que pueda jugar sin mayor riesgo.<\/p>\n<blockquote class=\"twitter-tweet\" data-lang=\"es\">\n<p dir=\"ltr\" lang=\"es\">. <a href=\"https:\/\/twitter.com\/Marvel\">@Marvel<\/a> si os sobra alg\u00fan personaje&#8230; Esto ya est\u00e1 casi listo &#x1f602;&#x1f432; <a href=\"https:\/\/t.co\/HNjIqqS6EG\">pic.twitter.com\/HNjIqqS6EG<\/a><\/p>\n<p>\u2014 Rafinha Alcantara (@Rafinha) <a href=\"https:\/\/twitter.com\/Rafinha\/status\/829672014281596928\">9 de febrero de 2017<\/a><\/p><\/blockquote>\n<p><script async src=\"\/\/platform.twitter.com\/widgets.js\" charset=\"utf-8\"><\/script><\/p>\n<p>Aprovechado la imagen, el jugador de origen brasile\u00f1o le envi\u00f3 un mensaje a Marvel, creadora de personajes como Spider-Man, Hulk y Capit\u00e1n Am\u00e9rica: \u201cMarvel, si os sobra alg\u00fan personaje\u2026 Esto ya est\u00e1 casi listo\u201d.<\/p>\n<p><a href=\"https:\/\/twitter.com\/MXFutbolTotal\" target=\"_blank\"><span style=\"color: #3366ff;\"><strong>S\u00edguenos en Twitter: @MXFutbolTotal<\/strong><\/span><\/a><\/p>\n","protected":false},"excerpt":{"rendered":"<p>El equipo que dirige Luis Enrique podr\u00eda contar en sus filas con un defensor de la justicia.<\/p>\n","protected":false},"author":20,"featured_media":458448,"comment_status":"closed","ping_status":"closed","sticky":false,"template":"","format":"standard","meta":[],"categories":[3839,5951],"tags":[2086,5984,7768,911,253,76,4051,5032],"_links":{"self":[{"href":"http:\/\/desarrollo.grupomedios.com\/futbol\/wp-json\/wp\/v2\/posts\/459817"}],"collection":[{"href":"http:\/\/desarrollo.grupomedios.com\/futbol\/wp-json\/wp\/v2\/posts"}],"about":[{"href":"http:\/\/desarrollo.grupomedios.com\/futbol\/wp-json\/wp\/v2\/types\/post"}],"author":[{"embeddable":true,"href":"http:\/\/desarrollo.grupomedios.com\/futbol\/wp-json\/wp\/v2\/users\/20"}],"replies":[{"embeddable":true,"href":"http:\/\/desarrollo.grupomedios.com\/futbol\/wp-json\/wp\/v2\/comments?post=459817"}],"version-history":[{"count":0,"href":"http:\/\/desarrollo.grupomedios.com\/futbol\/wp-json\/wp\/v2\/posts\/459817\/revisions"}],"wp:featuredmedia":[{"embeddable":true,"href":"http:\/\/desarrollo.grupomedios.com\/futbol\/wp-json\/wp\/v2\/media\/458448"}],"wp:attachment":[{"href":"http:\/\/desarrollo.grupomedios.com\/futbol\/wp-json\/wp\/v2\/media?parent=459817"}],"wp:term":[{"taxonomy":"category","embeddable":true,"href":"http:\/\/desarrollo.grupomedios.com\/futbol\/wp-json\/wp\/v2\/categories?post=459817"},{"taxonomy":"post_tag","embeddable":true,"href":"http:\/\/desarrollo.grupomedios.com\/futbol\/wp-json\/wp\/v2\/tags?post=459817"}],"curies":[{"name":"wp","href":"https:\/\/api.w.org\/{rel}","templated":true}]}}