{"id":459841,"date":"2017-02-10T17:35:33","date_gmt":"2017-02-10T23:35:33","guid":{"rendered":"https:\/\/www.futboltotal.com.mx\/?p=459841"},"modified":"2017-02-10T17:35:33","modified_gmt":"2017-02-10T23:35:33","slug":"mis-piernas-pueden-mas-sinha","status":"publish","type":"post","link":"http:\/\/desarrollo.grupomedios.com\/futbol\/destacado-home\/mis-piernas-pueden-mas-sinha\/2017\/02","title":{"rendered":"&#8220;Mis piernas ya no pueden m\u00e1s&#8221;: Sinha"},"content":{"rendered":"<p>El mediocampista del <strong>Toluca<\/strong>, <strong>Antonio Naelson Sinha<\/strong>, ratific\u00f3 en una entrevista, que al finalizar el Clausura 2017 pondr\u00e1 fin a su carrera como futbolista, as\u00ed que espera poder concluir con un t\u00edtulo para el equipo que lo consagr\u00f3 en M\u00e9xico.<\/p>\n<p>\u201cYo creo que ya nos alargamos bastante, ya son muchos dolores en las rodillas ya yo creo que el jugador ya dio lo que pod\u00eda dar al club y el club al jugador\u201d, explic\u00f3 <strong>Sinha<\/strong> en charla con el suplemento deportivo <em>Cancha<\/em>.<\/p>\n<blockquote class=\"twitter-video\" data-lang=\"es\">\n<p dir=\"ltr\" lang=\"es\">Antonio Naelson &#8220;Sinha&#8221; ya se encuentra en la cancha y es ovacionado por nuestra <a href=\"https:\/\/twitter.com\/hashtag\/Afici%C3%B3nEscarlata?src=hash\">#Afici\u00f3nEscarlata<\/a> <a href=\"https:\/\/twitter.com\/hashtag\/VamosDiablos?src=hash\">#VamosDiablos<\/a> <a href=\"https:\/\/t.co\/SEiRpAm81a\">pic.twitter.com\/SEiRpAm81a<\/a><\/p>\n<p>\u2014 Toluca FC (@TolucaFC) <a href=\"https:\/\/twitter.com\/TolucaFC\/status\/820777827654049792\">15 de enero de 2017<\/a><\/p><\/blockquote>\n<p><script async src=\"\/\/platform.twitter.com\/widgets.js\" charset=\"utf-8\"><\/script><\/p>\n<p>El cuerpo del brasile\u00f1o naturalizado mexicano ya no puede m\u00e1s, es la raz\u00f3n que expone el veterano jugador del <strong>Toluca<\/strong>, quien ha se\u00f1alado en reiteradas ocasiones, que le gustar\u00eda irse de las canchas con un t\u00edtulo en sus manos, as\u00ed que este semestre, tendr\u00e1 sus \u00faltimas dos oportunidades, para conseguirlo.<\/p>\n<p style=\"text-align: center;\"><span style=\"color: #3366ff;\"><a style=\"color: #3366ff;\" href=\"https:\/\/www.futboltotal.com.mx\/2017\/02\/orgullo-tradicion-documental-del-centenario-del-toluca\/\" target=\"_blank\"><strong>LEER M\u00c1S: Orgullo y Tradici\u00f3n, el documental del Centenario del Toluca<\/strong><\/a><\/span><\/p>\n<p>\u201cComo dicen por ah\u00ed, el cuerpo no espera por nadie, el tiempo no espera por nadie y la vida sigue su curso as\u00ed que nosotros tenemos que seguir la vida\u201d, agreg\u00f3 <strong>Sinha<\/strong>.<\/p>\n<p><strong>S\u00edguenos en Twitter:<\/strong> <a href=\"https:\/\/twitter.com\/MXFutbolTotal\" target=\"_blank\">@MXFutbolTotal<\/a><\/p>\n","protected":false},"excerpt":{"rendered":"<p>El jugador del Toluca, explica la raz\u00f3n por la que colgar\u00e1 los botines al final del torneo.<\/p>\n","protected":false},"author":20,"featured_media":459842,"comment_status":"closed","ping_status":"closed","sticky":false,"template":"","format":"standard","meta":[],"categories":[5,2198,3845],"tags":[1980,5975],"_links":{"self":[{"href":"http:\/\/desarrollo.grupomedios.com\/futbol\/wp-json\/wp\/v2\/posts\/459841"}],"collection":[{"href":"http:\/\/desarrollo.grupomedios.com\/futbol\/wp-json\/wp\/v2\/posts"}],"about":[{"href":"http:\/\/desarrollo.grupomedios.com\/futbol\/wp-json\/wp\/v2\/types\/post"}],"author":[{"embeddable":true,"href":"http:\/\/desarrollo.grupomedios.com\/futbol\/wp-json\/wp\/v2\/users\/20"}],"replies":[{"embeddable":true,"href":"http:\/\/desarrollo.grupomedios.com\/futbol\/wp-json\/wp\/v2\/comments?post=459841"}],"version-history":[{"count":0,"href":"http:\/\/desarrollo.grupomedios.com\/futbol\/wp-json\/wp\/v2\/posts\/459841\/revisions"}],"wp:featuredmedia":[{"embeddable":true,"href":"http:\/\/desarrollo.grupomedios.com\/futbol\/wp-json\/wp\/v2\/media\/459842"}],"wp:attachment":[{"href":"http:\/\/desarrollo.grupomedios.com\/futbol\/wp-json\/wp\/v2\/media?parent=459841"}],"wp:term":[{"taxonomy":"category","embeddable":true,"href":"http:\/\/desarrollo.grupomedios.com\/futbol\/wp-json\/wp\/v2\/categories?post=459841"},{"taxonomy":"post_tag","embeddable":true,"href":"http:\/\/desarrollo.grupomedios.com\/futbol\/wp-json\/wp\/v2\/tags?post=459841"}],"curies":[{"name":"wp","href":"https:\/\/api.w.org\/{rel}","templated":true}]}}