{"id":459852,"date":"2017-02-10T18:28:34","date_gmt":"2017-02-11T00:28:34","guid":{"rendered":"https:\/\/www.futboltotal.com.mx\/?p=459852"},"modified":"2017-02-10T18:28:34","modified_gmt":"2017-02-11T00:28:34","slug":"ningun-mexicano-igualara-a-hugo-sanchez-morientes","status":"publish","type":"post","link":"http:\/\/desarrollo.grupomedios.com\/futbol\/futbol-internacional\/ningun-mexicano-igualara-a-hugo-sanchez-morientes\/2017\/02","title":{"rendered":"Ning\u00fan mexicano igualar\u00e1 a Hugo S\u00e1nchez: Morientes"},"content":{"rendered":"<p>El ex futbolista espa\u00f1ol, <strong>Fernando Morientes<\/strong>, est\u00e1 contento con el desempe\u00f1o de los mexicanos en su pa\u00eds, pues no duda de su talento ni el de otros jugadores con posibilidades de militar en suelo europeo, pero descarta que haya alguien que alcance lo que hizo <strong>Hugo S\u00e1nchez<\/strong>.<\/p>\n<p>\u201cMe t\u00f3co enfrentar a <strong>Rafael M\u00e1rquez<\/strong> m\u00e1s de una vez, y puedo decir que el genotipo del futbolista mexicano es de mucho talento, con t\u00e9cnica depurada. Ahora tenemos cuatro jugadores en nuestra Liga y les ha ido bien; sin embargo, dudo mucho que pueda repetirse un fen\u00f3meno como el que ocurri\u00f3 con <strong>Hugo S\u00e1nchez<\/strong>\u201d, explic\u00f3 <strong>Fernando Morientes<\/strong>, en charla con el suplemento <em>La Afici\u00f3n<\/em>.<\/p>\n<p style=\"text-align: center;\"><span style=\"color: #3366ff;\"><a style=\"color: #3366ff;\" href=\"https:\/\/www.futboltotal.com.mx\/2017\/02\/equipos-espana-enfrentaran-a-clubes-liga-mx\/\" target=\"_blank\"><strong>LEER M\u00c1S: Liga MX enfrentar\u00e1 a La Liga de Espa\u00f1a<\/strong><\/a><\/span><\/p>\n<p>Por otra parte, el ex delantero del Real Madrid piensa que Paco J\u00e9mez podr\u00e1 destacar en la Liga MX, misma a la que considera, como un futbol en expansi\u00f3n que comienza a llamar la atenci\u00f3n en el plano internacional.<\/p>\n<p><strong>S\u00edguenos en Twitter:<\/strong> <a href=\"https:\/\/twitter.com\/MXFutbolTotal\" target=\"_blank\">@MXFutbolTotal<\/a><\/p>\n","protected":false},"excerpt":{"rendered":"<p>El espa\u00f1ol elogia a los nacidos en M\u00e9xico, pero no cree que haya otro fen\u00f3meno como Hugol.<\/p>\n","protected":false},"author":20,"featured_media":459853,"comment_status":"closed","ping_status":"closed","sticky":false,"template":"","format":"standard","meta":[],"categories":[3839,6718],"tags":[448,4545],"_links":{"self":[{"href":"http:\/\/desarrollo.grupomedios.com\/futbol\/wp-json\/wp\/v2\/posts\/459852"}],"collection":[{"href":"http:\/\/desarrollo.grupomedios.com\/futbol\/wp-json\/wp\/v2\/posts"}],"about":[{"href":"http:\/\/desarrollo.grupomedios.com\/futbol\/wp-json\/wp\/v2\/types\/post"}],"author":[{"embeddable":true,"href":"http:\/\/desarrollo.grupomedios.com\/futbol\/wp-json\/wp\/v2\/users\/20"}],"replies":[{"embeddable":true,"href":"http:\/\/desarrollo.grupomedios.com\/futbol\/wp-json\/wp\/v2\/comments?post=459852"}],"version-history":[{"count":0,"href":"http:\/\/desarrollo.grupomedios.com\/futbol\/wp-json\/wp\/v2\/posts\/459852\/revisions"}],"wp:featuredmedia":[{"embeddable":true,"href":"http:\/\/desarrollo.grupomedios.com\/futbol\/wp-json\/wp\/v2\/media\/459853"}],"wp:attachment":[{"href":"http:\/\/desarrollo.grupomedios.com\/futbol\/wp-json\/wp\/v2\/media?parent=459852"}],"wp:term":[{"taxonomy":"category","embeddable":true,"href":"http:\/\/desarrollo.grupomedios.com\/futbol\/wp-json\/wp\/v2\/categories?post=459852"},{"taxonomy":"post_tag","embeddable":true,"href":"http:\/\/desarrollo.grupomedios.com\/futbol\/wp-json\/wp\/v2\/tags?post=459852"}],"curies":[{"name":"wp","href":"https:\/\/api.w.org\/{rel}","templated":true}]}}