{"id":459986,"date":"2017-02-11T12:26:09","date_gmt":"2017-02-11T18:26:09","guid":{"rendered":"https:\/\/www.futboltotal.com.mx\/?p=459986"},"modified":"2017-02-11T12:26:09","modified_gmt":"2017-02-11T18:26:09","slug":"nino-llora-emocion-al-conocer-a-pikolin","status":"publish","type":"post","link":"http:\/\/desarrollo.grupomedios.com\/futbol\/futbol-mexicano\/nino-llora-emocion-al-conocer-a-pikolin\/2017\/02","title":{"rendered":"Ni\u00f1o llora de emoci\u00f3n al conocer a Pikol\u00edn"},"content":{"rendered":"<p>Tras la llegada de Pumas a Monterrey para el duelo de este s\u00e1bado frente a Rayados, uno peque\u00f1o seguidor del equipo universitario se llev\u00f3 una grata sorpresa.<\/p>\n<p>El ni\u00f1o de nombre Jes\u00fas S\u00e1nchez, vivi\u00f3 un incre\u00edble momento al conocer a su \u00eddolo Alejandro\u00a0<em>Pikol\u00edn\u00a0<\/em>Palacios cuando el equipo felino lleg\u00f3 al aeropuerto.<\/p>\n<blockquote><p>\u201cMe metieron unos polic\u00edas para cuando bajar\u00e1n del avi\u00f3n; ah\u00ed el \u2018Pikol\u00edn\u2019 me abraz\u00f3 y me dijo que le echara las ganas en la porter\u00eda y en la escuela\u201d, cont\u00f3 el aficionado, quien tambi\u00e9n es portero.<\/p><\/blockquote>\n<p>Por su parte, Pikol\u00edn mand\u00f3 un mensaje a trav\u00e9s de su cuenta de Twitter.<\/p>\n<blockquote class=\"twitter-tweet\" data-width=\"500\">\n<p lang=\"es\" dir=\"ltr\">Es un orgullo y una gran responsabilidad ser un modelo a seguir para los ni\u00f1os. Gracias por tu cari\u00f1o y apoyo &quot;Chuyin&quot;. <a href=\"https:\/\/t.co\/yvW8hre8Pk\">pic.twitter.com\/yvW8hre8Pk<\/a><\/p>\n<p>&mdash; Alejandro Palacios (@APikolin1) <a href=\"https:\/\/twitter.com\/APikolin1\/status\/830278820275974144\">February 11, 2017<\/a><\/p><\/blockquote>\n<p><script async src=\"\/\/platform.twitter.com\/widgets.js\" charset=\"utf-8\"><\/script><\/p>\n","protected":false},"excerpt":{"rendered":"<p>El portero cumpli\u00f3 el sue\u00f1o de uno de sus seguidores.<\/p>\n","protected":false},"author":20,"featured_media":402257,"comment_status":"closed","ping_status":"closed","sticky":false,"template":"","format":"standard","meta":[],"categories":[2198,3845],"tags":[2835,74],"_links":{"self":[{"href":"http:\/\/desarrollo.grupomedios.com\/futbol\/wp-json\/wp\/v2\/posts\/459986"}],"collection":[{"href":"http:\/\/desarrollo.grupomedios.com\/futbol\/wp-json\/wp\/v2\/posts"}],"about":[{"href":"http:\/\/desarrollo.grupomedios.com\/futbol\/wp-json\/wp\/v2\/types\/post"}],"author":[{"embeddable":true,"href":"http:\/\/desarrollo.grupomedios.com\/futbol\/wp-json\/wp\/v2\/users\/20"}],"replies":[{"embeddable":true,"href":"http:\/\/desarrollo.grupomedios.com\/futbol\/wp-json\/wp\/v2\/comments?post=459986"}],"version-history":[{"count":0,"href":"http:\/\/desarrollo.grupomedios.com\/futbol\/wp-json\/wp\/v2\/posts\/459986\/revisions"}],"wp:featuredmedia":[{"embeddable":true,"href":"http:\/\/desarrollo.grupomedios.com\/futbol\/wp-json\/wp\/v2\/media\/402257"}],"wp:attachment":[{"href":"http:\/\/desarrollo.grupomedios.com\/futbol\/wp-json\/wp\/v2\/media?parent=459986"}],"wp:term":[{"taxonomy":"category","embeddable":true,"href":"http:\/\/desarrollo.grupomedios.com\/futbol\/wp-json\/wp\/v2\/categories?post=459986"},{"taxonomy":"post_tag","embeddable":true,"href":"http:\/\/desarrollo.grupomedios.com\/futbol\/wp-json\/wp\/v2\/tags?post=459986"}],"curies":[{"name":"wp","href":"https:\/\/api.w.org\/{rel}","templated":true}]}}