{"id":459988,"date":"2017-02-11T13:09:51","date_gmt":"2017-02-11T19:09:51","guid":{"rendered":"https:\/\/www.futboltotal.com.mx\/?p=459988"},"modified":"2017-02-11T13:09:51","modified_gmt":"2017-02-11T19:09:51","slug":"cecilio-puede-idolo-del-america-la-liga-mx-cardozo","status":"publish","type":"post","link":"http:\/\/desarrollo.grupomedios.com\/futbol\/destacado-home\/cecilio-puede-idolo-del-america-la-liga-mx-cardozo\/2017\/02","title":{"rendered":"Cecilio puede ser \u00eddolo del Am\u00e9rica y la Liga MX: Cardozo"},"content":{"rendered":"<p>La llegada de Cecilio Dom\u00ednguez le ha ca\u00eddo bien al Am\u00e9rica e incluso el paraguayo ya ha marcado dos goles que he le permitieron sumar al conjunto azulcrema.<\/p>\n<p>Quien conoce bien al refuerzo de las <em>\u00c1guilas<\/em> es su compatriota Jos\u00e9 Cardozo, el m\u00e1ximo goleador en la historia del Toluca y que ahora ha avalado la llegada de Dom\u00ednguez al futbol mexicano.<\/p>\n<blockquote><p>&#8220;Es muy buen jugador. Nosotros inclusive le hicimos seguimiento, Cecilio llama la atenci\u00f3n porque tiene una t\u00e9cnica que pocos jugadores tienen, una habilidad para sacarse f\u00e1cilmente hombres de encima y es muy inteligente para definir. Enriquece un poco lo que es el futbol mexicano, porque es muy claro para jugar, eso es lo que se busca en M\u00e9xico un futbol muy din\u00e1mico y para eso se necesita t\u00e9cnica. Me parece que es un jugador completo. Esperemos se pueda ir adaptando al futbol mexicano&#8221;.<\/p><\/blockquote>\n<p>Adem\u00e1s, Pepe destac\u00f3 las cualidades de Cecilio y su r\u00e1pida adaptaci\u00f3n al futbol mexicano, por lo que no duda en que se pueda convertir en un \u00eddolo del Am\u00e9rica e incluso del futbol mexicano como alguna vez \u00e9l lo fue.<\/p>\n<p style=\"text-align: center;\"><span style=\"color: #3366ff;\"><a style=\"color: #3366ff;\" href=\"https:\/\/www.futboltotal.com.mx\/2017\/02\/chicharito-marca-golazo-ante-eintracht\/\">LEER M\u00c1S: Leverkusen gole\u00f3 al Eintracht con golazos de Chicharito<\/a><\/span><\/p>\n<blockquote><p>&#8220;Yo creo que s\u00ed (puede ser \u00eddolo), del Am\u00e9rica y del futbol mexicano. Es un jugador que tiene una proyecci\u00f3n importante porque cuenta con lo que pocos futbolistas tienen. Es un jugador distinto, rara vez se encuentra a alguien diferente y Cecilio lo es, ya lo demostr\u00f3 en Paraguay. No tengo ninguna duda de que si sigue madurando se va a acoplar bastante bien al Am\u00e9rica&#8221;, coment\u00f3 en entrevista con el diario <em>R\u00e9cord<\/em>.<\/p><\/blockquote>\n<p>Previo al enfrentamiento que tendr\u00e1 su equipo, el Puebla, en la cancha del Azteca frente a las \u00c1guilas, el Pr\u00edncipe Guaran\u00ed habl\u00f3 sobre su relaci\u00f3n con el t\u00e9cnico Ricardo La Volpe y lo que vivi\u00f3 cuando fue dirigido por el argentino en su paso con Toluca.<\/p>\n<blockquote><p>&#8220;Ricardo trabaja muy bien. Tuve la suerte de trabajar con \u00e9l un a\u00f1o, fue una temporada muy buena en lo personal y en lo colectivo. No es f\u00e1cil que el jugador capte lo que muchas veces \u00e9l puede transmitir, porque tiene muchas jugadas y necesita mucho tiempo para que se entienda a la perfecci\u00f3n lo que \u00e9l quiere y cuando no hay perfecci\u00f3n, el equipo de La Volpe sufre y sufre mucho&#8221;.<\/p><\/blockquote>\n","protected":false},"excerpt":{"rendered":"<p>Cardozo asegur\u00f3 que &#8220;Cecilio puede ser \u00eddolo del futbol mexicano&#8221;.<\/p>\n","protected":false},"author":20,"featured_media":459989,"comment_status":"closed","ping_status":"closed","sticky":false,"template":"","format":"standard","meta":[],"categories":[5,2198,3845],"tags":[5959,7881,3642,64,5969],"_links":{"self":[{"href":"http:\/\/desarrollo.grupomedios.com\/futbol\/wp-json\/wp\/v2\/posts\/459988"}],"collection":[{"href":"http:\/\/desarrollo.grupomedios.com\/futbol\/wp-json\/wp\/v2\/posts"}],"about":[{"href":"http:\/\/desarrollo.grupomedios.com\/futbol\/wp-json\/wp\/v2\/types\/post"}],"author":[{"embeddable":true,"href":"http:\/\/desarrollo.grupomedios.com\/futbol\/wp-json\/wp\/v2\/users\/20"}],"replies":[{"embeddable":true,"href":"http:\/\/desarrollo.grupomedios.com\/futbol\/wp-json\/wp\/v2\/comments?post=459988"}],"version-history":[{"count":0,"href":"http:\/\/desarrollo.grupomedios.com\/futbol\/wp-json\/wp\/v2\/posts\/459988\/revisions"}],"wp:featuredmedia":[{"embeddable":true,"href":"http:\/\/desarrollo.grupomedios.com\/futbol\/wp-json\/wp\/v2\/media\/459989"}],"wp:attachment":[{"href":"http:\/\/desarrollo.grupomedios.com\/futbol\/wp-json\/wp\/v2\/media?parent=459988"}],"wp:term":[{"taxonomy":"category","embeddable":true,"href":"http:\/\/desarrollo.grupomedios.com\/futbol\/wp-json\/wp\/v2\/categories?post=459988"},{"taxonomy":"post_tag","embeddable":true,"href":"http:\/\/desarrollo.grupomedios.com\/futbol\/wp-json\/wp\/v2\/tags?post=459988"}],"curies":[{"name":"wp","href":"https:\/\/api.w.org\/{rel}","templated":true}]}}