{"id":460275,"date":"2017-02-12T10:08:52","date_gmt":"2017-02-12T16:08:52","guid":{"rendered":"https:\/\/www.futboltotal.com.mx\/?p=460275"},"modified":"2017-02-12T10:11:34","modified_gmt":"2017-02-12T16:11:34","slug":"villarreal-jona-rescatan-empate-ante-malaga","status":"publish","type":"post","link":"http:\/\/desarrollo.grupomedios.com\/futbol\/futbol-internacional\/villarreal-jona-rescatan-empate-ante-malaga\/2017\/02","title":{"rendered":"Villarreal y Jona rescatan empate ante M\u00e1laga"},"content":{"rendered":"<p>Con el mediocampista mexicano <strong>Jonathan dos Santos<\/strong>,\u00a0el <strong>Villarreal<\/strong>, sufri\u00f3 para rescatar la igualada 1-1 contra M\u00e1laga, en la continuaci\u00f3n de la fecha 22 de la Liga de Espa\u00f1a.<\/p>\n<p>Enfrente se apreci\u00f3 a un cuadro malague\u00f1o que inici\u00f3 el compromiso presionando al local en busca de la anotaci\u00f3n, misma que consigui\u00f3 al minuto 14 por conducto del brasile\u00f1o Charles D\u00edas Barbosa, quien de cabeza puso el 1-0 para la visita.<\/p>\n<p style=\"text-align: center;\"><a href=\"https:\/\/www.futboltotal.com.mx\/futbol-internacional\"><span style=\"color: #3366ff;\">LEER M\u00c1S: Todas las noticias de futbol internacional<\/span><\/a><\/p>\n<p>El gol en contra despabil\u00f3 al cuadro de Castell\u00f3n y comenz\u00f3 a generar peligro en el arco defendido por el camerun\u00e9s Carlos Kameni. El mexicano Jonathan dos Santos fue uno de los encargados de mover los hilos en el mediocampo amarillo.<\/p>\n<p><strong>Jonathan dos Santos<\/strong> busc\u00f3 la igualada con disparos de media distancia sin direcci\u00f3n suficiente para hacer da\u00f1o, hasta que\u00a0al minuto 62, el \u00e1rbitro I\u00f1aki Vicandi marc\u00f3 un dudoso penalti para los de casa sobre el italiano Nicola Sansone. Bruno Soriano firm\u00f3 el empate el 1-1.<\/p>\n<p>Con tiempo por delante, el <em>Submarino Amarillo<\/em>\u00a0se fue al ataque para lograr la remontada, pero una expulsi\u00f3n del italiano Roberto Soriano (71) complic\u00f3 el objetivo. As\u00ed que el ritmo baj\u00f3 y la igualada de mantuvo.<\/p>\n<p>El mexicano <strong>Jonathan dos Santos<\/strong> disput\u00f3 todo el compromiso de buena manera y mantuvo una buena regularidad, al igual que en los seis partidos ligueros que van en este 2017, donde ha sido titular.<\/p>\n<p>Con este empate, <strong>Villarreal<\/strong> lleg\u00f3 a 36 puntos en el sexto lugar, por ahora en sitios de Liga Europea, mientras que M\u00e1laga alcanz\u00f3 23 en el d\u00e9cimo cuarto pelda\u00f1o.<\/p>\n<p><span style=\"color: #3366ff;\"><strong>S\u00edguenos en Twitter:<\/strong>\u00a0<a style=\"color: #3366ff;\" href=\"https:\/\/twitter.com\/MXFutbolTotal\" target=\"_blank\">@MXFutbolTotal<\/a><\/span><\/p>\n","protected":false},"excerpt":{"rendered":"<p>El mexicano fue titular y tuvo un partido complicado en el Madrigal. <\/p>\n","protected":false},"author":20,"featured_media":460276,"comment_status":"closed","ping_status":"closed","sticky":false,"template":"","format":"standard","meta":[],"categories":[3839,3844],"tags":[48,4545,2607],"_links":{"self":[{"href":"http:\/\/desarrollo.grupomedios.com\/futbol\/wp-json\/wp\/v2\/posts\/460275"}],"collection":[{"href":"http:\/\/desarrollo.grupomedios.com\/futbol\/wp-json\/wp\/v2\/posts"}],"about":[{"href":"http:\/\/desarrollo.grupomedios.com\/futbol\/wp-json\/wp\/v2\/types\/post"}],"author":[{"embeddable":true,"href":"http:\/\/desarrollo.grupomedios.com\/futbol\/wp-json\/wp\/v2\/users\/20"}],"replies":[{"embeddable":true,"href":"http:\/\/desarrollo.grupomedios.com\/futbol\/wp-json\/wp\/v2\/comments?post=460275"}],"version-history":[{"count":0,"href":"http:\/\/desarrollo.grupomedios.com\/futbol\/wp-json\/wp\/v2\/posts\/460275\/revisions"}],"wp:featuredmedia":[{"embeddable":true,"href":"http:\/\/desarrollo.grupomedios.com\/futbol\/wp-json\/wp\/v2\/media\/460276"}],"wp:attachment":[{"href":"http:\/\/desarrollo.grupomedios.com\/futbol\/wp-json\/wp\/v2\/media?parent=460275"}],"wp:term":[{"taxonomy":"category","embeddable":true,"href":"http:\/\/desarrollo.grupomedios.com\/futbol\/wp-json\/wp\/v2\/categories?post=460275"},{"taxonomy":"post_tag","embeddable":true,"href":"http:\/\/desarrollo.grupomedios.com\/futbol\/wp-json\/wp\/v2\/tags?post=460275"}],"curies":[{"name":"wp","href":"https:\/\/api.w.org\/{rel}","templated":true}]}}