{"id":460285,"date":"2017-02-12T11:00:37","date_gmt":"2017-02-12T17:00:37","guid":{"rendered":"https:\/\/www.futboltotal.com.mx\/?p=460285"},"modified":"2017-02-12T11:00:37","modified_gmt":"2017-02-12T17:00:37","slug":"bale-esta-vuelta-real-madrid","status":"publish","type":"post","link":"http:\/\/desarrollo.grupomedios.com\/futbol\/uncategorized\/bale-esta-vuelta-real-madrid\/2017\/02","title":{"rendered":"\u00a1Bale est\u00e1 de vuelta con el Real Madrid!"},"content":{"rendered":"<p>El <strong>Real Madrid<\/strong> confirm\u00f3 el regres\u00f3 del extremo <strong>Gareth Bale<\/strong>, quien ha estado fuera de actividad desde hace un par de meses por una lesi\u00f3n que sufri\u00f3\u00a0en el tobillo derecho.<\/p>\n<p><strong>Bale<\/strong>, operado el pasado 29 de noviembre por una luxaci\u00f3n, apareci\u00f3 en Valdebebas para entrenar con el primer equipo, a solo\u00a0tres d\u00edas de disputar el duelo de Ida de los Octavos de Final de la Champions League ante el Napoli.<\/p>\n<p style=\"text-align: center;\"><span style=\"color: #3366ff;\">LEER M\u00c1S:Todas las noticias de futbol internacional<\/span><\/p>\n<blockquote class=\"twitter-tweet\" data-lang=\"es\">\n<p dir=\"ltr\" lang=\"es\">&#x1f4aa;\u26bd\ufe0f&#x1f44f; <a href=\"https:\/\/twitter.com\/hashtag\/RMCity?src=hash\">#RMCity<\/a><br \/>\n\u00a1Mirad qui\u00e9n &#x1f432; est\u00e1 de vuelta con el grupo!<a href=\"https:\/\/twitter.com\/hashtag\/HalaMadrid?src=hash\">#HalaMadrid<\/a> <a href=\"https:\/\/t.co\/8llh3kSqIj\">pic.twitter.com\/8llh3kSqIj<\/a><\/p>\n<p>\u2014 Real Madrid C. F. (@realmadrid) <a href=\"https:\/\/twitter.com\/realmadrid\/status\/830768441841836032\">12 de febrero de 2017<\/a><\/p><\/blockquote>\n<p><script async src=\"\/\/platform.twitter.com\/widgets.js\" charset=\"utf-8\"><\/script><br \/>\nEl gal\u00e9s recibi\u00f3 el alta desde el pasado 2 de febrero y ahora entrena con el primer equipo. Sin embargo no estar\u00e1 disponible ante el cuadro italiano y su reaparici\u00f3n podr\u00e1 darse en la Liga, posiblemente el pr\u00f3ximo s\u00e1bado ante Espanyol.<\/p>\n<p><span style=\"color: #800000;\">Danilo no sufre fractura<\/span><\/p>\n<p>Por otra parte, el lateral brasile\u00f1o recibi\u00f3 buenas noticias tras retirarse en camilla de El Sadar por un fuerte pisot\u00f3n en el tobillo izquierdo. Y es que solo\u00a0sufre una fuerte contusi\u00f3n y heridas por el pisot\u00f3n que recibi\u00f3 en el duelo ante Osasuna, que le impidi\u00f3 acabar el encuentro.<\/p>\n<p>Los tacos de la bota de David Garc\u00eda le provocaron heridas, una fuerte contusi\u00f3n y mucho dolor, pero no lleg\u00f3 a afectar a la articulaci\u00f3n, como confirmaron las pruebas a las que fue sometido.<\/p>\n<p>Danilo comparti\u00f3 en las redes sociales el estado de su pierna y las noticias que ha recibido del cuerpo m\u00e9dico del Real Madrid son positivas. Tras ausentarse de la sesi\u00f3n de hoy, domingo, en funci\u00f3n de sus sensaciones podr\u00eda entrenarse con el resto del grupo el lunes y estar\u00eda disponible para el encuentro de Liga de Campeones del mi\u00e9rcoles ante el N\u00e1poles.<\/p>\n","protected":false},"excerpt":{"rendered":"<p>El gal\u00e9s entrena con el primer equipo tras dos meses fuera de las canchas.<\/p>\n","protected":false},"author":20,"featured_media":460287,"comment_status":"closed","ping_status":"closed","sticky":false,"template":"","format":"standard","meta":[],"categories":[1],"tags":[6043,5988],"_links":{"self":[{"href":"http:\/\/desarrollo.grupomedios.com\/futbol\/wp-json\/wp\/v2\/posts\/460285"}],"collection":[{"href":"http:\/\/desarrollo.grupomedios.com\/futbol\/wp-json\/wp\/v2\/posts"}],"about":[{"href":"http:\/\/desarrollo.grupomedios.com\/futbol\/wp-json\/wp\/v2\/types\/post"}],"author":[{"embeddable":true,"href":"http:\/\/desarrollo.grupomedios.com\/futbol\/wp-json\/wp\/v2\/users\/20"}],"replies":[{"embeddable":true,"href":"http:\/\/desarrollo.grupomedios.com\/futbol\/wp-json\/wp\/v2\/comments?post=460285"}],"version-history":[{"count":0,"href":"http:\/\/desarrollo.grupomedios.com\/futbol\/wp-json\/wp\/v2\/posts\/460285\/revisions"}],"wp:featuredmedia":[{"embeddable":true,"href":"http:\/\/desarrollo.grupomedios.com\/futbol\/wp-json\/wp\/v2\/media\/460287"}],"wp:attachment":[{"href":"http:\/\/desarrollo.grupomedios.com\/futbol\/wp-json\/wp\/v2\/media?parent=460285"}],"wp:term":[{"taxonomy":"category","embeddable":true,"href":"http:\/\/desarrollo.grupomedios.com\/futbol\/wp-json\/wp\/v2\/categories?post=460285"},{"taxonomy":"post_tag","embeddable":true,"href":"http:\/\/desarrollo.grupomedios.com\/futbol\/wp-json\/wp\/v2\/tags?post=460285"}],"curies":[{"name":"wp","href":"https:\/\/api.w.org\/{rel}","templated":true}]}}