{"id":460546,"date":"2017-02-13T08:30:16","date_gmt":"2017-02-13T14:30:16","guid":{"rendered":"https:\/\/www.futboltotal.com.mx\/?p=460546"},"modified":"2017-02-13T10:28:06","modified_gmt":"2017-02-13T16:28:06","slug":"carlos-vela-recupera-brillo-en-la-real-sociedad","status":"publish","type":"post","link":"http:\/\/desarrollo.grupomedios.com\/futbol\/destacado-home\/carlos-vela-recupera-brillo-en-la-real-sociedad\/2017\/02","title":{"rendered":"Carlos Vela recupera brillo en la Real Sociedad"},"content":{"rendered":"<p>La <strong>Real Sociedad<\/strong>\u00a0se encomienda al mexicano\u00a0<strong>Carlos Vela<\/strong>\u00a0para conseguir una gesta en Anoeta el pr\u00f3ximo s\u00e1bado ante el Villarreal. El cuadro donostiarra no podr\u00e1 contar con el <em>romperredes<\/em>\u00a0brasile\u00f1o Willian Jos\u00e9 y el entrenador Eusebio Sacrist\u00e1n apunta al mexicano como el hombre clave del ataque: &#8220;Vela vive uno de sus mejores momentos en el club&#8221;.<\/p>\n<p>La ausencia de Willian Jos\u00e9 preocupa porque podr\u00eda perderse entre cuatro y cinco partidos y, adem\u00e1s, el club tampoco podr\u00e1 contar con la baja del otro hombre gol del equipo, Imanol Agirretxe. Sin embargo <strong>Vela<\/strong>\u00a0ser\u00e1, como en los viejos tiempos, la carta fuerte en el ataque del cuadro <em>Txuri Urdin<\/em>, que solo est\u00e1 a cinco puntos del Sevilla para conseguir el \u00faltimo boleto que da la liga para la Champions League.<\/p>\n<p style=\"text-align: center;\"><a href=\"https:\/\/www.futboltotal.com.mx\/futbol-internacional\/\"><span style=\"color: #3366ff;\">LEER M\u00c1S: Todas las noticias de futbol internacional<\/span><\/a><\/p>\n<p><strong>Carlos Vela<\/strong> vive un excelente momento y, sin duda, servir\u00e1 para equilibrar estas dos importantes ausencias. El mexicano hizo un golazo este fin de semana y con ello encaden\u00f3 dos juegos haciendo goles importantes que derivaron en dos triunfos que resintonizaron a la Real Sociedad, tras haber sufrido un par de derrotas ante los tit\u00e1nicos Barcelona y Real Madrid.<\/p>\n<p>Vela ha alcanzado ese nivel del que hab\u00eda carecido en las \u00faltimas tres temporadas. Nada menos ha marcado ya 6 goles para erigirse como el segundo mejor anotador del club -lleva tres menos que el brasile\u00f1o Willian-\u00a0y es el mejor asistidor del equipo y uno de los mejores de la competici\u00f3n.<\/p>\n<p>De esta forma el delantero ha recuperado brillo y supera ya sus n\u00fameros de la pasada temporada, qued\u00e1ndose a s\u00f3lo tres de los 9 tantos que marc\u00f3 en la campa\u00f1a 2014\/15. El Villarreal de su connacional Jonathan dos Santos le espera.<\/p>\n<p>Y para este partido el joven del filial Jon Bautista podr\u00eda acompa\u00f1ar a Vela en el ataque, durante los pr\u00f3ximos partidos en los que cause baja Willian Jos\u00e9, ya que el futbolista de Errenteria es el que m\u00e1s goles ha hecho en la cantera <em>blanquiazul<\/em> y ya ha marcado con la camiseta del primer equipo.<\/p>\n","protected":false},"excerpt":{"rendered":"<p>El mexicano es el segundo mejor anotador y el mejor asistidor de los Txuri Urdin en lo que va de la temporada. <\/p>\n","protected":false},"author":20,"featured_media":460553,"comment_status":"closed","ping_status":"closed","sticky":false,"template":"","format":"standard","meta":[],"categories":[5,3839,3844],"tags":[6048,102],"_links":{"self":[{"href":"http:\/\/desarrollo.grupomedios.com\/futbol\/wp-json\/wp\/v2\/posts\/460546"}],"collection":[{"href":"http:\/\/desarrollo.grupomedios.com\/futbol\/wp-json\/wp\/v2\/posts"}],"about":[{"href":"http:\/\/desarrollo.grupomedios.com\/futbol\/wp-json\/wp\/v2\/types\/post"}],"author":[{"embeddable":true,"href":"http:\/\/desarrollo.grupomedios.com\/futbol\/wp-json\/wp\/v2\/users\/20"}],"replies":[{"embeddable":true,"href":"http:\/\/desarrollo.grupomedios.com\/futbol\/wp-json\/wp\/v2\/comments?post=460546"}],"version-history":[{"count":0,"href":"http:\/\/desarrollo.grupomedios.com\/futbol\/wp-json\/wp\/v2\/posts\/460546\/revisions"}],"wp:featuredmedia":[{"embeddable":true,"href":"http:\/\/desarrollo.grupomedios.com\/futbol\/wp-json\/wp\/v2\/media\/460553"}],"wp:attachment":[{"href":"http:\/\/desarrollo.grupomedios.com\/futbol\/wp-json\/wp\/v2\/media?parent=460546"}],"wp:term":[{"taxonomy":"category","embeddable":true,"href":"http:\/\/desarrollo.grupomedios.com\/futbol\/wp-json\/wp\/v2\/categories?post=460546"},{"taxonomy":"post_tag","embeddable":true,"href":"http:\/\/desarrollo.grupomedios.com\/futbol\/wp-json\/wp\/v2\/tags?post=460546"}],"curies":[{"name":"wp","href":"https:\/\/api.w.org\/{rel}","templated":true}]}}