{"id":460555,"date":"2017-02-13T10:39:24","date_gmt":"2017-02-13T16:39:24","guid":{"rendered":"https:\/\/www.futboltotal.com.mx\/?p=460555"},"modified":"2017-02-13T11:44:08","modified_gmt":"2017-02-13T17:44:08","slug":"ramos-contempla-cambiar-dorsal-4-93","status":"publish","type":"post","link":"http:\/\/desarrollo.grupomedios.com\/futbol\/futbol-internacional\/ramos-contempla-cambiar-dorsal-4-93\/2017\/02","title":{"rendered":"Ramos contempla cambiar su dorsal 4"},"content":{"rendered":"<p><strong>Sergio Ramos,<\/strong> defensa del Real Madrid, asegur\u00f3 este lunes que no descarta cambiar su actual dorsal, el n\u00famero 4, por el 93 en honor a un minuto m\u00e1gico en el que ha conseguido goles muy importantes, como el de la final de la Liga de Campeones 2014 que hizo al Atl\u00e9tico de Madrid.<\/p>\n<p>El central del conjunto de dirigido por Zinedine Zidane contest\u00f3 a las preguntas de aficionados blancos a trav\u00e9s de Facebook Live. En ellas, repas\u00f3 la actualidad del cuadro merengue y afirm\u00f3 que en alguna ocasi\u00f3n se ha planteado cambiar el n\u00famero que luce en su espalda.<\/p>\n<p style=\"text-align: center;\"><a href=\"https:\/\/www.futboltotal.com.mx\/futbol-internacional\/\"><span style=\"color: #3366ff;\">LEER M\u00c1S: Todas las noticias de futbol internancional<\/span><\/a><\/p>\n<blockquote><p>&#8220;El 4 me ha dado suerte, me ha acompa\u00f1ado en mi carrera con el Real Madrid, pero me he planteado cambiarlo por el 93&#8221;, afirm\u00f3.<\/p><\/blockquote>\n<p>Adem\u00e1s, cuestionado por cu\u00e1l de todos los goles que ha marcado es el m\u00e1s importante para \u00e9l, indic\u00f3 que todos lo fueron aunque reconoci\u00f3 que guarda m\u00e1s cari\u00f1o por uno en concreto: &#8220;Todos son especiales para m\u00ed, son como hijos. Pero creo que ser\u00eda el de la D\u00e9cima, porque nos cost\u00f3 mucho ganar la Liga de Campeones y el \u00faltimo minuto es especial&#8221;.<\/p>\n<p>Asimismo, indic\u00f3 que todav\u00eda le quedan muchos a\u00f1os en el Real Madrid como jugador, y reconoci\u00f3 que disfruta cada d\u00eda &#8220;como se merece&#8221;, ya que entrenar siempre es algo que le ha llamado la atenci\u00f3n.<\/p>\n<blockquote><p>Respecto a los 500 partidos oficiales que ha cumplido en el Real Madrid, dijo sentir mucho &#8220;orgullo&#8221; por haber llegado a una cifra que no esperaba: &#8220;Hace muchos a\u00f1os no imaginaba llegar a un n\u00famero tan importante. Hoy lo puedo disfrutar, pero me olvido para conseguir m\u00e1s y seguir representando al mejor equipo del mundo&#8221;.<\/p><\/blockquote>\n<p>Tambi\u00e9n habl\u00f3 sobre el N\u00e1poles, su pr\u00f3ximo rival en la Liga de Campeones, y declar\u00f3 que es un &#8220;gran rival&#8221;, que tiene una buena racha. La clave para pasar la eliminatoria, es, a su juicio, intentar mantener la porter\u00eda a cero para viajar a Italia &#8220;m\u00e1s c\u00f3modos&#8221;.<\/p>\n<p><span style=\"color: #3366ff;\"><strong>S\u00edguenos en Twitter:<\/strong>\u00a0<a style=\"color: #3366ff;\" href=\"https:\/\/twitter.com\/MXFutbolTotal\" target=\"_blank\">@MXFutbolTotal<\/a><\/span><\/p>\n<div class=\"boxNota\"><\/div>\n<p>&nbsp;<\/p>\n","protected":false},"excerpt":{"rendered":"<p>El capit\u00e1n del Real Madrid explic\u00f3 la raz\u00f3n por la que piensa cambiar de camiseta.<\/p>\n","protected":false},"author":144,"featured_media":460556,"comment_status":"closed","ping_status":"closed","sticky":false,"template":"","format":"standard","meta":[],"categories":[3839,3844,5951],"tags":[5988,6020],"_links":{"self":[{"href":"http:\/\/desarrollo.grupomedios.com\/futbol\/wp-json\/wp\/v2\/posts\/460555"}],"collection":[{"href":"http:\/\/desarrollo.grupomedios.com\/futbol\/wp-json\/wp\/v2\/posts"}],"about":[{"href":"http:\/\/desarrollo.grupomedios.com\/futbol\/wp-json\/wp\/v2\/types\/post"}],"author":[{"embeddable":true,"href":"http:\/\/desarrollo.grupomedios.com\/futbol\/wp-json\/wp\/v2\/users\/144"}],"replies":[{"embeddable":true,"href":"http:\/\/desarrollo.grupomedios.com\/futbol\/wp-json\/wp\/v2\/comments?post=460555"}],"version-history":[{"count":0,"href":"http:\/\/desarrollo.grupomedios.com\/futbol\/wp-json\/wp\/v2\/posts\/460555\/revisions"}],"wp:featuredmedia":[{"embeddable":true,"href":"http:\/\/desarrollo.grupomedios.com\/futbol\/wp-json\/wp\/v2\/media\/460556"}],"wp:attachment":[{"href":"http:\/\/desarrollo.grupomedios.com\/futbol\/wp-json\/wp\/v2\/media?parent=460555"}],"wp:term":[{"taxonomy":"category","embeddable":true,"href":"http:\/\/desarrollo.grupomedios.com\/futbol\/wp-json\/wp\/v2\/categories?post=460555"},{"taxonomy":"post_tag","embeddable":true,"href":"http:\/\/desarrollo.grupomedios.com\/futbol\/wp-json\/wp\/v2\/tags?post=460555"}],"curies":[{"name":"wp","href":"https:\/\/api.w.org\/{rel}","templated":true}]}}