{"id":460559,"date":"2017-02-13T11:32:56","date_gmt":"2017-02-13T17:32:56","guid":{"rendered":"https:\/\/www.futboltotal.com.mx\/?p=460559"},"modified":"2017-02-13T11:32:56","modified_gmt":"2017-02-13T17:32:56","slug":"pep-guardiola-claro-aguero-en-city","status":"publish","type":"post","link":"http:\/\/desarrollo.grupomedios.com\/futbol\/futbol-internacional\/pep-guardiola-claro-aguero-en-city\/2017\/02","title":{"rendered":"Guardiola no tiene claro el futuro de Ag\u00fcero en el City"},"content":{"rendered":"<p>Horas antes de que el Manchester City dispute contra el Bournemouth el partido por la fecha 25 de la Premier League inglesa, el entrenador de los Citizens,<strong> <em>Pep<\/em>\u00a0Guardiola<\/strong> platic\u00f3 a la prensa sobre el\u00a0delantero argentino Sergio Ag\u00fcero, quien ha tenido poca actividad en los partidos recientes: ha sido suplente en los \u00faltimos tres compromisos oficiales del club.<\/p>\n<p>&#8220;Me gustar\u00eda que se quedara, pero no s\u00e9 qu\u00e9 va a pasar. No lo s\u00e9. Fui claro con Sergio y conoce los planes del entrenador y el club. No quiero venderlo. Quiero que se quede aqu\u00ed mucho tiempo, hasta que \u00e9l quiera&#8221;, asegur\u00f3 <strong><em>Pep<\/em> Guardiola<\/strong>.<\/p>\n<p>https:\/\/twitter.com\/ManCityES\/status\/831171332205330432<\/p>\n<p style=\"text-align: center;\"><a href=\"https:\/\/www.futboltotal.com.mx\/2017\/02\/ramos-contempla-cambiar-dorsal-4-93\/\"><span style=\"color: #3366ff;\">LEER M\u00c1S:\u00a0Ramos contempla cambiar el dorsal 4 por el 93<\/span><\/a><\/p>\n<p>Esta declaraci\u00f3n contrasta con la que Guardiola dio el pasado viernes cuando le preguntaron sobre la incertidumbre manifestada por el <em>Kun<\/em> sobre su futuro en el Manchester City (en el cual le quedan tres a\u00f1os de contrato), a lo cual el t\u00e9cnico\u00a0respondi\u00f3: &#8220;El club cinco minutos despu\u00e9s hizo una nota diciendo la intenci\u00f3n de su entrenador y el club. Ya la le\u00edste, ya la sabes&#8221;. En esa nota\u00a0el club mencion\u00f3 que en el &#8220;Manchester City nadie quiere que Sergio Ag\u00fcero se vaya&#8221;.<\/p>\n<p>M\u00e1s tranquilo que el viernes pasado, <strong><em>Pep<\/em> Guardiola<\/strong> explic\u00f3 la raz\u00f3n por la que el argentino solo ha jugado 24 minutos en los dos \u00faltimos encuentros de la Premier: &#8220;El motivo es porque Leroy San\u00e9, Gabriel y Rash Steerling han jugado sensacional. Esa es la \u00fanica raz\u00f3n. Sergio sigue siendo un gran jugador importante para alcanzar nuestros objetivos. No tengo dudas sobre eso&#8221;.<\/p>\n<p style=\"text-align: center;\"><span style=\"color: #3366ff;\">LEER M\u00c1S:\u00a0Carlos Vela recupera brillo en la Real Sociedad<\/span><\/p>\n<p>Luego a\u00f1adi\u00f3: &#8220;Ha estado sancionado seis\u00a0partidos esta temporada y lo echamos mucho de meneos. Siempre que estuvo bien jug\u00f3. Rindi\u00f3 bien y otras veces no. S\u00e9 lo dif\u00edcil que es encontrar delanteros de gran nivel&#8221;.<\/p>\n<p><b>S\u00edguenos en <span id=\"m_-2379524599677902631goog_2054972132\"><\/span>Twitter <a href=\"https:\/\/twitter.com\/MXFutbolTotal\" target=\"_blank\" data-saferedirecturl=\"https:\/\/www.google.com\/url?hl=es&amp;q=https:\/\/twitter.com\/MXFutbolTotal&amp;source=gmail&amp;ust=1487084053522000&amp;usg=AFQjCNFuwGncQHT2oxVjOlLruyTDeLUDeQ\">@MXFutbolTotal<\/a><\/b><\/p>\n","protected":false},"excerpt":{"rendered":"<p>El t\u00e9cnico catal\u00e1n elogia al artillero argentino.<\/p>\n","protected":false},"author":20,"featured_media":460567,"comment_status":"closed","ping_status":"closed","sticky":false,"template":"","format":"standard","meta":[],"categories":[3839,3846],"tags":[5993,1791,5992],"_links":{"self":[{"href":"http:\/\/desarrollo.grupomedios.com\/futbol\/wp-json\/wp\/v2\/posts\/460559"}],"collection":[{"href":"http:\/\/desarrollo.grupomedios.com\/futbol\/wp-json\/wp\/v2\/posts"}],"about":[{"href":"http:\/\/desarrollo.grupomedios.com\/futbol\/wp-json\/wp\/v2\/types\/post"}],"author":[{"embeddable":true,"href":"http:\/\/desarrollo.grupomedios.com\/futbol\/wp-json\/wp\/v2\/users\/20"}],"replies":[{"embeddable":true,"href":"http:\/\/desarrollo.grupomedios.com\/futbol\/wp-json\/wp\/v2\/comments?post=460559"}],"version-history":[{"count":0,"href":"http:\/\/desarrollo.grupomedios.com\/futbol\/wp-json\/wp\/v2\/posts\/460559\/revisions"}],"wp:featuredmedia":[{"embeddable":true,"href":"http:\/\/desarrollo.grupomedios.com\/futbol\/wp-json\/wp\/v2\/media\/460567"}],"wp:attachment":[{"href":"http:\/\/desarrollo.grupomedios.com\/futbol\/wp-json\/wp\/v2\/media?parent=460559"}],"wp:term":[{"taxonomy":"category","embeddable":true,"href":"http:\/\/desarrollo.grupomedios.com\/futbol\/wp-json\/wp\/v2\/categories?post=460559"},{"taxonomy":"post_tag","embeddable":true,"href":"http:\/\/desarrollo.grupomedios.com\/futbol\/wp-json\/wp\/v2\/tags?post=460559"}],"curies":[{"name":"wp","href":"https:\/\/api.w.org\/{rel}","templated":true}]}}