{"id":460577,"date":"2017-02-13T12:38:36","date_gmt":"2017-02-13T18:38:36","guid":{"rendered":"https:\/\/www.futboltotal.com.mx\/?p=460577"},"modified":"2017-02-13T12:38:36","modified_gmt":"2017-02-13T18:38:36","slug":"se-acabo-la-polemica-la-final-la-copa-del-rey-ya-sede","status":"publish","type":"post","link":"http:\/\/desarrollo.grupomedios.com\/futbol\/futbol-internacional\/se-acabo-la-polemica-la-final-la-copa-del-rey-ya-sede\/2017\/02","title":{"rendered":"Se acab\u00f3 la pol\u00e9mica: la final de la Copa del Rey ya tiene sede"},"content":{"rendered":"<p>Luego de algunos d\u00edas de una pol\u00e9mica que se ha hecho costumbre en el futbol de Espa\u00f1a, la federaci\u00f3n de aquel pa\u00eds anunci\u00f3 que ya hay sede oficial para disputar la final de la Copa del Rey.<\/p>\n<p>Barcelona y Alav\u00e9s se disputar\u00e1n el t\u00edtulo el 27 de mayo; ganaron ese derecho al eliminar, respectivamente, al Atl\u00e9tico de Madrid y al Celta de Vigo en las semifinales.<\/p>\n<p style=\"text-align: center;\"><a href=\"https:\/\/www.futboltotal.com.mx\/2017\/02\/florentino-perez-descarta-al-bernabeu-la-final-copa-del-rey\/\" target=\"_blank\"><span style=\"color: #3366ff;\"><strong>LEER M\u00c1S: Florentino descarta al\u00a0Bernab\u00e9u para la final de la Copa del Rey<\/strong><\/span><\/a><\/p>\n<p>La pol\u00e9mica se centraba en la elecci\u00f3n de la sede para el partido por el trofeo. Como ha ocurrido varias veces en a\u00f1os recientes, los <em>Blaugranas<\/em> quer\u00edan que el duelo se celebrara en el estadio Santiago Bernab\u00e9u.<\/p>\n<p>Y tambi\u00e9n como ha sucedido siempre en ese caso, el Real Madrid se negaba a ceder su estadio, argumentando que las obras realizadas en \u00e9l imposibilitaban la realizaci\u00f3n del juego.<\/p>\n<blockquote class=\"twitter-tweet\" data-lang=\"es\">\n<p dir=\"ltr\" lang=\"es\">OFICIAL | La final de la <a href=\"https:\/\/twitter.com\/hashtag\/CopaDelRey?src=hash\">#CopaDelRey<\/a> se disputar\u00e1 en el Estadio Vicente Calder\u00f3n <a href=\"https:\/\/t.co\/NRF7x3AHi7\">https:\/\/t.co\/NRF7x3AHi7<\/a><\/p>\n<p>\u2014 RFEF (@rfef) <a href=\"https:\/\/twitter.com\/rfef\/status\/831196155128201216\">13 de febrero de 2017<\/a><\/p><\/blockquote>\n<p><script async src=\"\/\/platform.twitter.com\/widgets.js\" charset=\"utf-8\"><\/script><\/p>\n<p>Al final, la federaci\u00f3n espa\u00f1ola anuncia que el partido se llevar\u00e1 a cabo en la capital espa\u00f1ola, pero no en el campo de los Merengues, sino en el Vicente Calder\u00f3n, casa del Atl\u00e9tico de Madrid.<\/p>\n<p><a href=\"https:\/\/twitter.com\/MXFutbolTotal\" target=\"_blank\"><span style=\"color: #3366ff;\"><strong>S\u00edguenos en Twitter: @MXFutbolTotal<\/strong><\/span><\/a><\/p>\n","protected":false},"excerpt":{"rendered":"<p>El Barcelona quer\u00eda jugar la final ante Alav\u00e9s en el Santiago Bernab\u00e9u, pero los Merengues no aceptaron.<\/p>\n","protected":false},"author":20,"featured_media":453231,"comment_status":"closed","ping_status":"closed","sticky":false,"template":"","format":"standard","meta":[],"categories":[3839,5951],"tags":[5128,6007,2086,5984,7661,96,253,76,3017],"_links":{"self":[{"href":"http:\/\/desarrollo.grupomedios.com\/futbol\/wp-json\/wp\/v2\/posts\/460577"}],"collection":[{"href":"http:\/\/desarrollo.grupomedios.com\/futbol\/wp-json\/wp\/v2\/posts"}],"about":[{"href":"http:\/\/desarrollo.grupomedios.com\/futbol\/wp-json\/wp\/v2\/types\/post"}],"author":[{"embeddable":true,"href":"http:\/\/desarrollo.grupomedios.com\/futbol\/wp-json\/wp\/v2\/users\/20"}],"replies":[{"embeddable":true,"href":"http:\/\/desarrollo.grupomedios.com\/futbol\/wp-json\/wp\/v2\/comments?post=460577"}],"version-history":[{"count":0,"href":"http:\/\/desarrollo.grupomedios.com\/futbol\/wp-json\/wp\/v2\/posts\/460577\/revisions"}],"wp:featuredmedia":[{"embeddable":true,"href":"http:\/\/desarrollo.grupomedios.com\/futbol\/wp-json\/wp\/v2\/media\/453231"}],"wp:attachment":[{"href":"http:\/\/desarrollo.grupomedios.com\/futbol\/wp-json\/wp\/v2\/media?parent=460577"}],"wp:term":[{"taxonomy":"category","embeddable":true,"href":"http:\/\/desarrollo.grupomedios.com\/futbol\/wp-json\/wp\/v2\/categories?post=460577"},{"taxonomy":"post_tag","embeddable":true,"href":"http:\/\/desarrollo.grupomedios.com\/futbol\/wp-json\/wp\/v2\/tags?post=460577"}],"curies":[{"name":"wp","href":"https:\/\/api.w.org\/{rel}","templated":true}]}}