{"id":460584,"date":"2017-02-13T12:57:17","date_gmt":"2017-02-13T18:57:17","guid":{"rendered":"https:\/\/www.futboltotal.com.mx\/?p=460584"},"modified":"2017-02-13T12:57:17","modified_gmt":"2017-02-13T18:57:17","slug":"causa-efecto-claudio-riano","status":"publish","type":"post","link":"http:\/\/desarrollo.grupomedios.com\/futbol\/destacado-home\/causa-efecto-claudio-riano\/2017\/02","title":{"rendered":"Causa y efecto de&#8230; Claudio Ria\u00f1o"},"content":{"rendered":"<p>Actualmente, los reflectores en el <strong>Necaxa<\/strong> caen sobre el chileno Edson Puch, pero no es el \u00fanico sudamericano que se est\u00e1 ganando el cari\u00f1o de la afici\u00f3n en Aguascalientes con base en entrega y goles. El argentino <strong>Claudio Ria\u00f1o<\/strong> vive su segundo torneo con los <em>Rayos<\/em> y parece adaptarse m\u00e1s al \u00faltimo reci\u00e9n ascendido de la Liga MX.<\/p>\n<p>Originario de C\u00f3rdoba, Argentina, <strong>Claudio Ria\u00f1o<\/strong> decidi\u00f3 ser futbolista profesional a una edad en la que regularmente los t\u00e9cnicos dicen: &#8220;Ya no est\u00e1s para el futbol&#8221;.<\/p>\n<p>\u00bfTe imaginas a un chico ya con 20 a\u00f1os cumplidos s\u00f3lo jugando en una liga amateur por el amor a este deporte que un d\u00eda decidi\u00f3 apostar todo en busca de un lugar como profesional? Claudio fue ese joven y hoy en d\u00eda vive ese sue\u00f1o.<\/p>\n<p>En <em>Futbol Total<\/em>\u00a0te lo contamos en Causa y Efecto de&#8230; <strong>Claudio Ria\u00f1o.\u00a0<\/strong><\/p>\n<p style=\"text-align: center;\"><a href=\"https:\/\/www.futboltotal.com.mx\/2017\/02\/11-ideal-de-la-jornada-6-clausura-2017\/\">VER M\u00c1S: EL 11 IDEAL DE LA JORNADA 6 DEL CLAUSURA 2017<\/a><\/p>\n<p>[video_player]https:\/\/player.vimeo.com\/external\/203868026.hd.mp4?s=48dd6a1e3adbec8ebed2218aa6d55de244dc4f3f&amp;profile_id=174[\/video_player]<\/p>\n<p class=\"p1\"><span class=\"s1\"><b>S\u00edguenos en Twitter<\/b>:\u00a0<a href=\"https:\/\/twitter.com\/MXFutbolTotal\"><span class=\"s2\">@MXFutbolTotal<\/span><\/a><\/span><\/p>\n","protected":false},"excerpt":{"rendered":"<p>El argentino decidi\u00f3 ser futbolista profesional cuando ya ten\u00eda 20 a\u00f1os de edad.<\/p>\n","protected":false},"author":20,"featured_media":460586,"comment_status":"closed","ping_status":"closed","sticky":false,"template":"","format":"standard","meta":[],"categories":[5,2198,3845],"tags":[8184,8207,261,263,8216],"_links":{"self":[{"href":"http:\/\/desarrollo.grupomedios.com\/futbol\/wp-json\/wp\/v2\/posts\/460584"}],"collection":[{"href":"http:\/\/desarrollo.grupomedios.com\/futbol\/wp-json\/wp\/v2\/posts"}],"about":[{"href":"http:\/\/desarrollo.grupomedios.com\/futbol\/wp-json\/wp\/v2\/types\/post"}],"author":[{"embeddable":true,"href":"http:\/\/desarrollo.grupomedios.com\/futbol\/wp-json\/wp\/v2\/users\/20"}],"replies":[{"embeddable":true,"href":"http:\/\/desarrollo.grupomedios.com\/futbol\/wp-json\/wp\/v2\/comments?post=460584"}],"version-history":[{"count":0,"href":"http:\/\/desarrollo.grupomedios.com\/futbol\/wp-json\/wp\/v2\/posts\/460584\/revisions"}],"wp:featuredmedia":[{"embeddable":true,"href":"http:\/\/desarrollo.grupomedios.com\/futbol\/wp-json\/wp\/v2\/media\/460586"}],"wp:attachment":[{"href":"http:\/\/desarrollo.grupomedios.com\/futbol\/wp-json\/wp\/v2\/media?parent=460584"}],"wp:term":[{"taxonomy":"category","embeddable":true,"href":"http:\/\/desarrollo.grupomedios.com\/futbol\/wp-json\/wp\/v2\/categories?post=460584"},{"taxonomy":"post_tag","embeddable":true,"href":"http:\/\/desarrollo.grupomedios.com\/futbol\/wp-json\/wp\/v2\/tags?post=460584"}],"curies":[{"name":"wp","href":"https:\/\/api.w.org\/{rel}","templated":true}]}}