{"id":460683,"date":"2017-02-14T09:32:12","date_gmt":"2017-02-14T15:32:12","guid":{"rendered":"https:\/\/www.futboltotal.com.mx\/?p=460683"},"modified":"2017-02-14T09:36:01","modified_gmt":"2017-02-14T15:36:01","slug":"amor-eterno-club-los-fieles-2","status":"publish","type":"post","link":"http:\/\/desarrollo.grupomedios.com\/futbol\/futbol-internacional\/amor-eterno-club-los-fieles-2\/2017\/02","title":{"rendered":"Amor eterno&#8230;El club de los m\u00e1s fieles"},"content":{"rendered":"<p>No cualquiera jugador puede presumir el haber jugado toda su vida para el mismo club. Mucho menos el estar en activo y seguir defendiendo la misma camiseta con la que debutaron. Adem\u00e1s del todopoderoso Lionel Messi hay otro par que merecen una distinci\u00f3n muy especial: <strong>Francesco Totti y Andr\u00e9s Iniesta<\/strong>. Hoy 14 de febrero,\u00a0es un buen d\u00eda para recordar la lealtad y amor por el club que tienen este par de cracks Y adem\u00e1s para recordar a otros 11 <em>cracks,<\/em> que formaron parte del <em>One Club Men.<\/em><\/p>\n<p style=\"text-align: center;\"><a href=\"https:\/\/www.futboltotal.com.mx\/futbol-internacional\/\"><span style=\"color: #3366ff;\">LEER M\u00c1S: Todas las noticias de futbol internacional\u00a0<\/span><\/a><\/p>\n<p><strong><span style=\"color: #800000;\">Gladiador de mil combates<\/span><\/strong><\/p>\n<p>&#8220;Nunca olvides tu primera vez&#8221;, dice <strong>Francesco<\/strong> <strong>Totti<\/strong>. Considerando que alguna vez confes\u00f3 que perdi\u00f3 la virginidad a los 12 a\u00f1os, habr\u00e1 qui\u00e9n piense que se refiere a eso. Pero del aclara:&#8221;Fue mi debut en la Serie A con la playera <em>giallorossa <\/em>de la Roma, \u00a1un sue\u00f1o hecho realidad!.<\/p>\n<p>En 1989 -cuando \u00e9 ten\u00eda 13 a\u00f1os- su madre, Fiorella, recibi\u00f3 ofertas para integrarlo a la Lazio y Roma. Ella sab\u00eda que su <em>bambino<\/em> era <em>giallorosso&#8230; <\/em>El fin el 28 de marzo de 1993 lleg\u00f3 la oportunidad del debut, pero Totti de 16 a\u00f1os no se la cre\u00eda: &#8220;Cuando el t\u00e9cnico me llam\u00f3 pens\u00e9 que le hablaba a Roberto Guzzi&#8221;.<\/p>\n<p>Desde entonces <strong>Totti<\/strong> no ha portado ni siquiera en los d\u00edas de descanso otra camiseta quedo sea la del AS Roma, lleva toda una vida jugando para la Loba. Y m\u00e1s que sus n\u00fameros, es la fidelidad a ella lo que mejor habla de Il Capitano, quien fue pretendido por el Real Madrid: 2Habr\u00eda ganado tres Champions, dos Balones de Oro y mucho m\u00e1s&#8230; pero prefiero lo que he hecho en la Roma&#8221;.<\/p>\n<p><strong>Totti<\/strong> hoy tiene 40 a\u00f1os, pero \u00e9l se ve al menos otro m\u00e1s jugando en la Roma. Ya es el m\u00e1ximo anotador de la Roma con 250 anotaciones; el club romano dijo: &#8220;Se escribe Totti, pero se pronuncia Roma. No es solo el capit\u00e1n, es nuestro s\u00edmbolo&#8221;.<br \/>\n<iframe loading=\"lazy\" src=\"https:\/\/www.youtube.com\/embed\/Syy8EfZfupo\" frameborder=\"0\" allowfullscreen=\"allowfullscreen\"><\/iframe><\/p>\n<p><strong><span style=\"color: #800000;\">El m\u00e1s cul\u00e9 de los Cul\u00e9s <\/span><\/strong><\/p>\n<p>Para Andr\u00e9s Iniesta ha dos partidos significativos en el arranque de su carrera con el Barcelona. EL primero fue el de su debut el 29 de octubre de 2002 ante el Brujas de B\u00e9lgica, en la <em>Champions League<\/em>. Ten\u00eda 18 a\u00f1os.<\/p>\n<p>&#8220;Me sent\u00ed nervioso, pero era el d\u00eda que hab\u00eda so\u00f1ado&#8221;, recuerda Inista, quien se extend\u00ed\u00b4bien con Rom\u00e1n Riquelme en la media <em>blaugrana. <\/em>&#8220;Siempre tomo la decisi\u00f3n adecuada&#8221;, elogi\u00f3 el 10 argentino.<\/p>\n<p>El segundo lo vivi\u00f3 en la liga, fue el de su presentaci\u00f3n en el Camp Nou ante el Recreativo Huelva -5 de enero de 2003- cuando el t\u00e9cnico Louis Van Gaal lo aline\u00f3 en la mediapunta, en lugar de Riquelme. &#8220;Fue un regalo de Reyes debutar en e estadio que me inspiraba cuando estaba en la Mas\u00eda&#8221; detall\u00f3. Ese d\u00eda puso dos asistencias en el triunfo 3-0.<\/p>\n<p>El <em>Manchego<\/em> es un emblema del Barcelona. Fue vital para que el club ganar\u00e1 13 t\u00edtulos entres 2009 y 2011. Los m\u00e1s destacados fueron tres ligas, dos <em>Champions Leagues<\/em> y dos Mundial de Clubes. Y en 2010 estuvo nominado al Bal\u00f3n de Oro. No lo gan\u00f3 porque Lionel Messi, su compa\u00f1ero fue el que recibi\u00f3 m\u00e1s votos. &#8220;Debi\u00f3 ganar Iniesta&#8221;, afirma Michel Platini, entonces presidente de la UEFA.<\/p>\n<p>Despu\u00e9s de ello Iniesta no ha perdido clase y el curso 2014-15 fue uno de los jugadores claves para que el Barcelona se erigiera como el primer club de la historia en ganar el tr\u00e9bol de t\u00edtulos -Liga, Copa y Champions- en dos ocasiones. &#8220;Siempre pone al equipo delante de \u00e9l y nos da una nueva lesi\u00f3n cada d\u00eda&#8221;. Con 31 a\u00f1os, Iniesta no deja de anhelar &#8220;jugar todo la vida en el Barcelona, mi equipo de toda la vida&#8221;.<\/p>\n<p><iframe loading=\"lazy\" src=\"https:\/\/www.youtube.com\/embed\/pLS3AMQInjo\" frameborder=\"0\" allowfullscreen=\"allowfullscreen\"><\/iframe><\/p>\n<p><strong><span style=\"color: #800000;\">Y, adem\u00e1s, un once ideal con otros <em>cracks<\/em> eternos<br \/>\n<\/span><\/strong><\/p>\n<p>[video_player]https:\/\/player.vimeo.com\/external\/131918635.sd.mp4?s=24c8cf8d4e1c97c5af6b818664cf39de&amp;profile_id=112[\/video_player]<\/p>\n<p style=\"text-align: center;\"><a href=\"https:\/\/www.futboltotal.com.mx\/2017\/02\/vuelve-champions-league-octavos-final-ida\/\"><span style=\"color: #3366ff;\"><strong>LEER M\u00c1S: \u00a1Se vienen los juegos de Champions League!<\/strong><\/span><\/a><\/p>\n<p>&nbsp;<\/p>\n","protected":false},"excerpt":{"rendered":"<p>Adem\u00e1s de Lionel Messi, los dos grandes referentes en activo son Totti e Iniesta. <\/p>\n","protected":false},"author":20,"featured_media":460684,"comment_status":"closed","ping_status":"closed","sticky":false,"template":"","format":"standard","meta":[],"categories":[3839],"tags":[1293,3472],"_links":{"self":[{"href":"http:\/\/desarrollo.grupomedios.com\/futbol\/wp-json\/wp\/v2\/posts\/460683"}],"collection":[{"href":"http:\/\/desarrollo.grupomedios.com\/futbol\/wp-json\/wp\/v2\/posts"}],"about":[{"href":"http:\/\/desarrollo.grupomedios.com\/futbol\/wp-json\/wp\/v2\/types\/post"}],"author":[{"embeddable":true,"href":"http:\/\/desarrollo.grupomedios.com\/futbol\/wp-json\/wp\/v2\/users\/20"}],"replies":[{"embeddable":true,"href":"http:\/\/desarrollo.grupomedios.com\/futbol\/wp-json\/wp\/v2\/comments?post=460683"}],"version-history":[{"count":0,"href":"http:\/\/desarrollo.grupomedios.com\/futbol\/wp-json\/wp\/v2\/posts\/460683\/revisions"}],"wp:featuredmedia":[{"embeddable":true,"href":"http:\/\/desarrollo.grupomedios.com\/futbol\/wp-json\/wp\/v2\/media\/460684"}],"wp:attachment":[{"href":"http:\/\/desarrollo.grupomedios.com\/futbol\/wp-json\/wp\/v2\/media?parent=460683"}],"wp:term":[{"taxonomy":"category","embeddable":true,"href":"http:\/\/desarrollo.grupomedios.com\/futbol\/wp-json\/wp\/v2\/categories?post=460683"},{"taxonomy":"post_tag","embeddable":true,"href":"http:\/\/desarrollo.grupomedios.com\/futbol\/wp-json\/wp\/v2\/tags?post=460683"}],"curies":[{"name":"wp","href":"https:\/\/api.w.org\/{rel}","templated":true}]}}